{"id":7839,"date":"2026-03-14T03:01:56","date_gmt":"2026-03-14T07:01:56","guid":{"rendered":"https:\/\/elmundodelapolitica.com\/v1\/prm-suspende-de-sus-filas-al-regidor-de-nigua-acusado-de-abuso-sexual-contra-su-nieta\/"},"modified":"2026-03-14T03:01:56","modified_gmt":"2026-03-14T07:01:56","slug":"prm-suspende-de-sus-filas-al-regidor-de-nigua-acusado-de-abuso-sexual-contra-su-nieta","status":"publish","type":"post","link":"https:\/\/elmundodelapolitica.com\/v1\/prm-suspende-de-sus-filas-al-regidor-de-nigua-acusado-de-abuso-sexual-contra-su-nieta\/","title":{"rendered":"PRM suspende de sus filas al regidor de Nigua acusado de abuso sexual contra su nieta"},"content":{"rendered":"<div>Santo Domingo. \u2013 El Partido Revolucionario Moderno (PRM) suspendi\u00f3 de su militancia al regidor de Nigua, \u00c1ngel Mar\u00eda \u00c1lvarez Peguero (Enrique), luego de que la Oficina de Atenci\u00f3n Permanente de San Crist\u00f3bal le impusiera tres meses de prisi\u00f3n preventiva en su contra por presunto abuso sexual en contra de su nieta de once a\u00f1os. De [\u2026]<\/div>\n","protected":false},"excerpt":{"rendered":"<p>Santo Domingo. \u2013 El Partido Revolucionario Moderno (PRM) suspendi\u00f3 de su militancia al regidor de Nigua, \u00c1ngel Mar\u00eda \u00c1lvarez Peguero (Enrique), luego de que la Oficina de Atenci\u00f3n Permanente de&hellip; <\/p>\n","protected":false},"author":1,"featured_media":0,"comment_status":"closed","ping_status":"closed","sticky":false,"template":"","format":"standard","meta":{"fifu_image_url":"","fifu_image_alt":"","footnotes":""},"categories":[17],"tags":[],"class_list":["post-7839","post","type-post","status-publish","format-standard","hentry","category-politica"],"_links":{"self":[{"href":"https:\/\/elmundodelapolitica.com\/v1\/wp-json\/wp\/v2\/posts\/7839","targetHints":{"allow":["GET"]}}],"collection":[{"href":"https:\/\/elmundodelapolitica.com\/v1\/wp-json\/wp\/v2\/posts"}],"about":[{"href":"https:\/\/elmundodelapolitica.com\/v1\/wp-json\/wp\/v2\/types\/post"}],"author":[{"embeddable":true,"href":"https:\/\/elmundodelapolitica.com\/v1\/wp-json\/wp\/v2\/users\/1"}],"replies":[{"embeddable":true,"href":"https:\/\/elmundodelapolitica.com\/v1\/wp-json\/wp\/v2\/comments?post=7839"}],"version-history":[{"count":0,"href":"https:\/\/elmundodelapolitica.com\/v1\/wp-json\/wp\/v2\/posts\/7839\/revisions"}],"wp:attachment":[{"href":"https:\/\/elmundodelapolitica.com\/v1\/wp-json\/wp\/v2\/media?parent=7839"}],"wp:term":[{"taxonomy":"category","embeddable":true,"href":"https:\/\/elmundodelapolitica.com\/v1\/wp-json\/wp\/v2\/categories?post=7839"},{"taxonomy":"post_tag","embeddable":true,"href":"https:\/\/elmundodelapolitica.com\/v1\/wp-json\/wp\/v2\/tags?post=7839"}],"curies":[{"name":"wp","href":"https:\/\/api.w.org\/{rel}","templated":true}]}}