{"id":7835,"date":"2026-03-12T03:03:16","date_gmt":"2026-03-12T07:03:16","guid":{"rendered":"https:\/\/elmundodelapolitica.com\/v1\/frente-agropecuario-del-prm-afirma-gente-esta-volviendo-al-campo-a-trabajar-la-agricultura\/"},"modified":"2026-03-12T03:03:16","modified_gmt":"2026-03-12T07:03:16","slug":"frente-agropecuario-del-prm-afirma-gente-esta-volviendo-al-campo-a-trabajar-la-agricultura","status":"publish","type":"post","link":"https:\/\/elmundodelapolitica.com\/v1\/frente-agropecuario-del-prm-afirma-gente-esta-volviendo-al-campo-a-trabajar-la-agricultura\/","title":{"rendered":"Frente Agropecuario del PRM afirma\u00a0gente est\u00e1 volviendo al campo a trabajar la agricultura"},"content":{"rendered":"<div>Santo Domingo.\u2013 El presidente del Frente Agropecuario del Partido Revolucionario Moderno (PRM), Eulalio Ram\u00edrez, asegur\u00f3 que en los \u00faltimos a\u00f1os se ha registrado un renovado inter\u00e9s de los hijos de agricultores por integrarse nuevamente a las labores productivas en el campo dominicano. \u201cEl campo est\u00e1 cambiando. La gente est\u00e1 volviendo al campo a trabajar\u201d, expres\u00f3 [\u2026]<\/div>\n","protected":false},"excerpt":{"rendered":"<p>Santo Domingo.\u2013 El presidente del Frente Agropecuario del Partido Revolucionario Moderno (PRM), Eulalio Ram\u00edrez, asegur\u00f3 que en los \u00faltimos a\u00f1os se ha registrado un renovado inter\u00e9s de los hijos de&hellip; <\/p>\n","protected":false},"author":1,"featured_media":0,"comment_status":"closed","ping_status":"closed","sticky":false,"template":"","format":"standard","meta":{"fifu_image_url":"","fifu_image_alt":"","footnotes":""},"categories":[17],"tags":[],"class_list":["post-7835","post","type-post","status-publish","format-standard","hentry","category-politica"],"_links":{"self":[{"href":"https:\/\/elmundodelapolitica.com\/v1\/wp-json\/wp\/v2\/posts\/7835","targetHints":{"allow":["GET"]}}],"collection":[{"href":"https:\/\/elmundodelapolitica.com\/v1\/wp-json\/wp\/v2\/posts"}],"about":[{"href":"https:\/\/elmundodelapolitica.com\/v1\/wp-json\/wp\/v2\/types\/post"}],"author":[{"embeddable":true,"href":"https:\/\/elmundodelapolitica.com\/v1\/wp-json\/wp\/v2\/users\/1"}],"replies":[{"embeddable":true,"href":"https:\/\/elmundodelapolitica.com\/v1\/wp-json\/wp\/v2\/comments?post=7835"}],"version-history":[{"count":0,"href":"https:\/\/elmundodelapolitica.com\/v1\/wp-json\/wp\/v2\/posts\/7835\/revisions"}],"wp:attachment":[{"href":"https:\/\/elmundodelapolitica.com\/v1\/wp-json\/wp\/v2\/media?parent=7835"}],"wp:term":[{"taxonomy":"category","embeddable":true,"href":"https:\/\/elmundodelapolitica.com\/v1\/wp-json\/wp\/v2\/categories?post=7835"},{"taxonomy":"post_tag","embeddable":true,"href":"https:\/\/elmundodelapolitica.com\/v1\/wp-json\/wp\/v2\/tags?post=7835"}],"curies":[{"name":"wp","href":"https:\/\/api.w.org\/{rel}","templated":true}]}}