{"id":7825,"date":"2026-03-11T03:03:04","date_gmt":"2026-03-11T07:03:04","guid":{"rendered":"https:\/\/elmundodelapolitica.com\/v1\/rafael-paz-afirma-fp-entra-en-una-nueva-etapa-de-oposicion-activa\/"},"modified":"2026-03-11T03:03:04","modified_gmt":"2026-03-11T07:03:04","slug":"rafael-paz-afirma-fp-entra-en-una-nueva-etapa-de-oposicion-activa","status":"publish","type":"post","link":"https:\/\/elmundodelapolitica.com\/v1\/rafael-paz-afirma-fp-entra-en-una-nueva-etapa-de-oposicion-activa\/","title":{"rendered":"Rafael Paz afirma FP entra en una nueva etapa de oposici\u00f3n activa"},"content":{"rendered":"<div>Santo Domingo. -El presidente de la Fuerza del Pueblo en el Distrito Nacional, Rafael Paz, afirm\u00f3 que esa organizaci\u00f3n ha entrado en una nueva etapa de consolidaci\u00f3n pol\u00edtica, caracterizada por una oposici\u00f3n m\u00e1s firme, una agenda m\u00e1s propositiva y una clara preparaci\u00f3n para asumir la direcci\u00f3n del pa\u00eds. Durante una entrevista en el programa Telematutino, [\u2026]<\/div>\n","protected":false},"excerpt":{"rendered":"<p>Santo Domingo. -El presidente de la Fuerza del Pueblo en el Distrito Nacional, Rafael Paz, afirm\u00f3 que esa organizaci\u00f3n ha entrado en una nueva etapa de consolidaci\u00f3n pol\u00edtica, caracterizada por&hellip; <\/p>\n","protected":false},"author":1,"featured_media":0,"comment_status":"closed","ping_status":"closed","sticky":false,"template":"","format":"standard","meta":{"fifu_image_url":"","fifu_image_alt":"","footnotes":""},"categories":[17],"tags":[],"class_list":["post-7825","post","type-post","status-publish","format-standard","hentry","category-politica"],"_links":{"self":[{"href":"https:\/\/elmundodelapolitica.com\/v1\/wp-json\/wp\/v2\/posts\/7825","targetHints":{"allow":["GET"]}}],"collection":[{"href":"https:\/\/elmundodelapolitica.com\/v1\/wp-json\/wp\/v2\/posts"}],"about":[{"href":"https:\/\/elmundodelapolitica.com\/v1\/wp-json\/wp\/v2\/types\/post"}],"author":[{"embeddable":true,"href":"https:\/\/elmundodelapolitica.com\/v1\/wp-json\/wp\/v2\/users\/1"}],"replies":[{"embeddable":true,"href":"https:\/\/elmundodelapolitica.com\/v1\/wp-json\/wp\/v2\/comments?post=7825"}],"version-history":[{"count":0,"href":"https:\/\/elmundodelapolitica.com\/v1\/wp-json\/wp\/v2\/posts\/7825\/revisions"}],"wp:attachment":[{"href":"https:\/\/elmundodelapolitica.com\/v1\/wp-json\/wp\/v2\/media?parent=7825"}],"wp:term":[{"taxonomy":"category","embeddable":true,"href":"https:\/\/elmundodelapolitica.com\/v1\/wp-json\/wp\/v2\/categories?post=7825"},{"taxonomy":"post_tag","embeddable":true,"href":"https:\/\/elmundodelapolitica.com\/v1\/wp-json\/wp\/v2\/tags?post=7825"}],"curies":[{"name":"wp","href":"https:\/\/api.w.org\/{rel}","templated":true}]}}