{"id":7818,"date":"2026-03-09T03:03:03","date_gmt":"2026-03-09T07:03:03","guid":{"rendered":"https:\/\/elmundodelapolitica.com\/v1\/eduardo-estrella-respalda-liderazgo-femenino-en-encuentro-nacional-de-dxc\/"},"modified":"2026-03-09T03:03:03","modified_gmt":"2026-03-09T07:03:03","slug":"eduardo-estrella-respalda-liderazgo-femenino-en-encuentro-nacional-de-dxc","status":"publish","type":"post","link":"https:\/\/elmundodelapolitica.com\/v1\/eduardo-estrella-respalda-liderazgo-femenino-en-encuentro-nacional-de-dxc\/","title":{"rendered":"Eduardo Estrella respalda liderazgo femenino en encuentro nacional de DXC"},"content":{"rendered":"<div>El l\u00edder y fundador del Partido Dominicanos por el Cambio (DXC), Eduardo Estrella, expres\u00f3 su firme respaldo al liderazgo femenino durante un encuentro nacional de mujeres de la organizaci\u00f3n, realizado en el pa\u00eds en conmemoraci\u00f3n del D\u00eda Internacional de la Mujer, con el objetivo de fortalecer la participaci\u00f3n de las mujeres en la pol\u00edtica y ampliar su incidencia en los espacios de toma de decisiones.<\/div>\n","protected":false},"excerpt":{"rendered":"<p>El l\u00edder y fundador del Partido Dominicanos por el Cambio (DXC), Eduardo Estrella, expres\u00f3 su firme respaldo al liderazgo femenino durante un encuentro nacional de mujeres de la organizaci\u00f3n, realizado&hellip; <\/p>\n","protected":false},"author":1,"featured_media":0,"comment_status":"closed","ping_status":"closed","sticky":false,"template":"","format":"standard","meta":{"fifu_image_url":"","fifu_image_alt":"","footnotes":""},"categories":[17],"tags":[],"class_list":["post-7818","post","type-post","status-publish","format-standard","hentry","category-politica"],"_links":{"self":[{"href":"https:\/\/elmundodelapolitica.com\/v1\/wp-json\/wp\/v2\/posts\/7818","targetHints":{"allow":["GET"]}}],"collection":[{"href":"https:\/\/elmundodelapolitica.com\/v1\/wp-json\/wp\/v2\/posts"}],"about":[{"href":"https:\/\/elmundodelapolitica.com\/v1\/wp-json\/wp\/v2\/types\/post"}],"author":[{"embeddable":true,"href":"https:\/\/elmundodelapolitica.com\/v1\/wp-json\/wp\/v2\/users\/1"}],"replies":[{"embeddable":true,"href":"https:\/\/elmundodelapolitica.com\/v1\/wp-json\/wp\/v2\/comments?post=7818"}],"version-history":[{"count":0,"href":"https:\/\/elmundodelapolitica.com\/v1\/wp-json\/wp\/v2\/posts\/7818\/revisions"}],"wp:attachment":[{"href":"https:\/\/elmundodelapolitica.com\/v1\/wp-json\/wp\/v2\/media?parent=7818"}],"wp:term":[{"taxonomy":"category","embeddable":true,"href":"https:\/\/elmundodelapolitica.com\/v1\/wp-json\/wp\/v2\/categories?post=7818"},{"taxonomy":"post_tag","embeddable":true,"href":"https:\/\/elmundodelapolitica.com\/v1\/wp-json\/wp\/v2\/tags?post=7818"}],"curies":[{"name":"wp","href":"https:\/\/api.w.org\/{rel}","templated":true}]}}