{"id":78,"date":"2022-08-21T17:31:27","date_gmt":"2022-08-21T21:31:27","guid":{"rendered":"https:\/\/elmundodelapolitica.com\/v1\/?p=25627"},"modified":"2022-09-26T10:35:25","modified_gmt":"2022-09-26T14:35:25","slug":"mariotti-pospone-secretaria-general-itinerante-en-san-cristobal","status":"publish","type":"post","link":"https:\/\/elmundodelapolitica.com\/v1\/mariotti-pospone-secretaria-general-itinerante-en-san-cristobal\/","title":{"rendered":"Mariotti pospone Secretaria General Itinerante en San Crist\u00f3bal"},"content":{"rendered":"\n<p>PLD aplaza encuentros Secretaria General Itinerante del s\u00e1bado y domingo por el fallecimiento de la Se\u00f1ora Mercedes Dom\u00ednguez viuda Mont\u00e1s<\/p>\n\n\n\n<p>Los encuentros que se programaron para este s\u00e1bado y domingo de la Secretaria General Itinerante en los municipios Los Cacaos, Cambita, San Crist\u00f3bal y Haina de la provincia San Crist\u00f3bal han sido aplazado para una pr\u00f3xima ocasi\u00f3n ante el sentido fallecimiento de la se\u00f1ora Mercedes Dom\u00ednguez viuda Mont\u00e1s, madre del vicepresidente del PLD, Temistocles Mont\u00e1s y otros reconocidos dirigentes de la organizaci\u00f3n pol\u00edtica.<\/p>\n\n\n\n<p>El propio Secretario General, Charles Mariotti fue quien ofreci\u00f3 la informaci\u00f3n al recibir la noticia del fallecimiento de la dama, tronco de una familia pelede\u00edsta y altamente valorada en su comunidad<\/p>\n\n\n\n<p>\u201cQuedan pospuestas las actividades de la Secretaria General Itinerante en la provincia San Crist\u00f3bal por el fallecimiento de la madre del Compa\u00f1ero Temistocles Mont\u00e1s y sus hermanos\u201d, escribi\u00f3 Mariotti, explicando que las actividades posteriormente ser\u00e1n programadas.<\/p>\n\n\n\n<p>La Secretaria General Itinerante, encuentros interactivos con los dirigentes del PLD en los municipios, se desarrollar\u00eda este s\u00e1bado en Los Cacaos, Cambita y el domingo en San Crist\u00f3bal y Haina.<\/p>\n\n\n\n<p>Mariotti lleg\u00f3 a desarrollar un primer encuentro el viernes en horas de la tarde en Villa Altagracia y a su regreso a la capital recibi\u00f3 la noticia del fallecimiento de Do\u00f1a Mercedes Dom\u00ednguez, por los que decidi\u00f3 aplazar los encuentros del s\u00e1bado y el domingo.<\/p>\n\n\n\n<p>La madre de Temistocles Mont\u00e1s y otros dirigentes del PLD est\u00e1 siendo velada en la Funeraria La Esperanza en San Crist\u00f3bal y ser\u00e1 sepultada este domingo a media ma\u00f1ana en el Cementerio Municipal<\/p>\n","protected":false},"excerpt":{"rendered":"<p>PLD aplaza encuentros Secretaria General Itinerante del s\u00e1bado y domingo por el fallecimiento de la Se\u00f1ora Mercedes Dom\u00ednguez viuda Mont\u00e1s Los encuentros que se programaron para este s\u00e1bado y domingo&hellip; <\/p>\n","protected":false},"author":2,"featured_media":79,"comment_status":"closed","ping_status":"open","sticky":false,"template":"","format":"standard","meta":{"fifu_image_url":"","fifu_image_alt":"","footnotes":""},"categories":[5],"tags":[],"class_list":["post-78","post","type-post","status-publish","format-standard","has-post-thumbnail","hentry","category-partidos"],"_links":{"self":[{"href":"https:\/\/elmundodelapolitica.com\/v1\/wp-json\/wp\/v2\/posts\/78","targetHints":{"allow":["GET"]}}],"collection":[{"href":"https:\/\/elmundodelapolitica.com\/v1\/wp-json\/wp\/v2\/posts"}],"about":[{"href":"https:\/\/elmundodelapolitica.com\/v1\/wp-json\/wp\/v2\/types\/post"}],"author":[{"embeddable":true,"href":"https:\/\/elmundodelapolitica.com\/v1\/wp-json\/wp\/v2\/users\/2"}],"replies":[{"embeddable":true,"href":"https:\/\/elmundodelapolitica.com\/v1\/wp-json\/wp\/v2\/comments?post=78"}],"version-history":[{"count":1,"href":"https:\/\/elmundodelapolitica.com\/v1\/wp-json\/wp\/v2\/posts\/78\/revisions"}],"predecessor-version":[{"id":418,"href":"https:\/\/elmundodelapolitica.com\/v1\/wp-json\/wp\/v2\/posts\/78\/revisions\/418"}],"wp:featuredmedia":[{"embeddable":true,"href":"https:\/\/elmundodelapolitica.com\/v1\/wp-json\/wp\/v2\/media\/79"}],"wp:attachment":[{"href":"https:\/\/elmundodelapolitica.com\/v1\/wp-json\/wp\/v2\/media?parent=78"}],"wp:term":[{"taxonomy":"category","embeddable":true,"href":"https:\/\/elmundodelapolitica.com\/v1\/wp-json\/wp\/v2\/categories?post=78"},{"taxonomy":"post_tag","embeddable":true,"href":"https:\/\/elmundodelapolitica.com\/v1\/wp-json\/wp\/v2\/tags?post=78"}],"curies":[{"name":"wp","href":"https:\/\/api.w.org\/{rel}","templated":true}]}}