{"id":779,"date":"2022-10-14T08:13:15","date_gmt":"2022-10-14T12:13:15","guid":{"rendered":"https:\/\/elmundodelapolitica.com\/v1\/?p=779"},"modified":"2022-10-14T08:13:17","modified_gmt":"2022-10-14T12:13:17","slug":"destaca-posicionamiento-de-rd-con-politica-exterior-y-oportunidades-comerciales-con-estados-unidos","status":"publish","type":"post","link":"https:\/\/elmundodelapolitica.com\/v1\/destaca-posicionamiento-de-rd-con-politica-exterior-y-oportunidades-comerciales-con-estados-unidos\/","title":{"rendered":"Destaca posicionamiento de RD con pol\u00edtica exterior y oportunidades comerciales con Estados Unidos"},"content":{"rendered":"\n<p>Santo Domingo.-&nbsp;<strong>El canciller Roberto \u00c1lvarez<\/strong>&nbsp;asegur\u00f3 este mi\u00e9rcoles que Rep\u00fablica Dominicana est\u00e1 atrayendo considerable atenci\u00f3n internacional, gracias&nbsp;<strong>al liderazgo del Presidente Luis Abinader<\/strong>.<\/p>\n\n\n\n<p>Durante su participaci\u00f3n como orador invitado en el almuerzo mensual organizado por la&nbsp;<strong>C\u00e1mara Americana de Comercio de la Rep\u00fablica Dominicana<\/strong>&nbsp;(AMCHAMDR), el Ministro de Relaciones Exteriores dijo que gracias al&nbsp;<strong>bono democr\u00e1tico<\/strong>&nbsp;con el que Presidente de la Rep\u00fablica asumi\u00f3 su gesti\u00f3n, sumado al trabajo sincronizado de<strong>&nbsp;este Gobierno junto al sector privado<\/strong>, se ha mostrado una&nbsp;<strong>enorme resiliencia<\/strong>, creando una nueva imagen para el pa\u00eds en el mundo.<\/p>\n\n\n\n<p>En ese sentido, resalt\u00f3 que para ello la implementaci\u00f3n de la actual pol\u00edtica exterior ha sido determinante, aportando a los&nbsp;<strong>aumentos en las exportaciones y la inversi\u00f3n extranjera.<\/strong><\/p>\n\n\n\n<p>El canciller tambi\u00e9n destac\u00f3 el avance alcanzado por la&nbsp;<strong>Alianza para el Desarrollo en Democracia (ADD)<\/strong>&nbsp;integrada por Rep\u00fablica Dominicana, Costa Rica, Panam\u00e1 y Ecuador, para abordar de manera conjunta aspectos en los \u00e1mbitos de&nbsp;<strong>pol\u00edtica, cooperaci\u00f3n, medio ambiente y comercio e inversi\u00f3n.<\/strong>&nbsp;Esta Alianza, dijo, ha tenido un acercamiento estrecho con&nbsp;<strong>Estados Unidos<\/strong>&nbsp;para fortalecer y proteger las cadenas de suministro a trav\u00e9s de un&nbsp;<strong>Memorando de Entendimiento<\/strong>&nbsp;firmado este a\u00f1o 2022.<\/p>\n\n\n\n<p><em>\u201cEn este momento la Alianza trabaja junto al Gobierno y al Congreso de Estados Unidos para materializar las diferentes iniciativas legislativas sobre nearshoring que cursan en el Congreso de ese pa\u00eds y para aprovechar las nuevas oportunidades comerciales que abre; por ejemplo, la ley de semiconductores y la ley de reducci\u00f3n de la inflaci\u00f3n, recientemente aprobadas en Estados Unidos. Esta es una gran oportunidad para catapultar nuestras exportaciones y la inversi\u00f3n extranjera directa, como nunca. Estamos visualizando oportunidades m\u00e1s all\u00e1 del horizonte concebido en 2004 por el DR-CAFTA. Debe quedar claro que se requiere un compromiso decidido del sector privado para materializar las ventajas que ofrecen estas iniciativas\u201d,<\/em>&nbsp;resalt\u00f3 \u00c1lvarez.<\/p>\n\n\n\n<p><strong>Sobre la situaci\u00f3n de Hait\u00ed<\/strong><\/p>\n\n\n\n<p>El diplom\u00e1tico dominicano expuso en este escenario que gracias a los intensos esfuerzos diplom\u00e1ticos del Gobierno dominicano, el pa\u00eds logr\u00f3 que la comunidad internacional girara su&nbsp;<strong>mirada hacia la crisis haitiana&nbsp;<\/strong>y que el Consejo de Seguridad de la Organizaci\u00f3n de las Naciones Unidas adoptara la&nbsp;<strong>Resoluci\u00f3n 2645<\/strong>&nbsp;con la que no solo extendi\u00f3 el plazo para el mandato de la&nbsp;<strong>Oficina Integrada de las Naciones Unidas en Hait\u00ed (BINUH),<\/strong>&nbsp;sino que adem\u00e1s se llamara a crear mecanismos para sancionar a<strong>&nbsp;las pandillas<\/strong>&nbsp;que cada vez toman m\u00e1s control en ese territorio.<\/p>\n\n\n\n<p><em>\u201cA partir de la Resoluci\u00f3n 2645, la ONU empieza a colocarse de frente a la grave situaci\u00f3n haitiana, desembocando en la solicitud del Gobierno haitiano de hace apenas 4 d\u00edas, mediante la cual solicita a sus socios internacionales el despliegue inmediato de una fuerza armada internacional especializada, en cantidad suficiente para enfrentar la crisis humanitaria causada, entre otros motivos, por la inseguridad resultante de las acciones de las pandillas armadas. No se trata de una fuerza de paz de Naciones Unidas. La solicitud pide fuerzas armadas bilaterales ofrecidas de manera voluntaria. Los haitianos y los pa\u00edses que est\u00e9n dispuestos a apoyarles a\u00fan tienen que determinar el marco legal internacional y aspectos operacionales nodales para el despliegue de estas fuerzas\u201d,<\/em>&nbsp;acot\u00f3 el diplom\u00e1tico.<\/p>\n\n\n\n<p>Asimismo, se\u00f1al\u00f3 que&nbsp;<em>\u201cla celeridad con la que respondan los pa\u00edses interesados a la solicitud del Gobierno haitiano ser\u00e1 crucial para la evoluci\u00f3n de los eventos en Hait\u00ed\u201d.<\/em><\/p>\n\n\n\n<p>Implementaci\u00f3n de la pol\u00edtica exterior<\/p>\n\n\n\n<p>Haciendo un resumen de lo que ha sido esta gesti\u00f3n de dos a\u00f1os al frente del Ministerio de Relaciones Exteriores, Roberto \u00c1lvarez record\u00f3 que la actual pol\u00edtica exterior dominicana est\u00e1 centrada en la atenci\u00f3n de los dominicanos en el exterior, el fomento de las exportaciones y la inversi\u00f3n extranjera, y la promoci\u00f3n de los valores democr\u00e1ticos y derechos humanos, consagrados en la Constituci\u00f3n dominicana y tratados internacionales. Todo esto sumado al proceso de profesionalizaci\u00f3n del servicio exterior dominicano y la transparencia con que se ha manejado el MIREX de manera interna.<\/p>\n\n\n\n<p>Fruto de estos lineamientos, el ministro de Relaciones Exteriores puntualiz\u00f3 que Rep\u00fablica Dominicana ha visto crecer su liderazgo multilateral logrando posiciones en organismos internacionales y regionales como la Vicepresidencia de la 76ava Asamblea General de la Organizaci\u00f3n de las Naciones Unidas, Presidente del Consejo Permanente de la Organizaci\u00f3n de los Estados Americanos, Presidencia Pro Tempore del Sistema de la Integraci\u00f3n Centroamericana, y entre muchas otras, la Secretar\u00eda Pro Tempore de la Conferencia Iberoamericana; en el marco de esta \u00faltima se estar\u00e1 celebrando en el pa\u00eds la XXVIII Cumbre Iberoamericana de Jefes de Estado y de Gobierno en marzo de 2023. Record\u00f3 que en el marco de la 52ava Asamblea General de la OEA, el pa\u00eds fue escogido como sede de la X Cumbre de las Am\u00e9ricas, a celebrarse en 2025.<\/p>\n\n\n\n<p>De su lado el presidente de la AMCHAMDR, Roberto Herrera, indic\u00f3 que otro ejemplo de la confianza que se ha ganado el pa\u00eds lo constituye la firma de un memorando de entendimiento entre el Ministerio de Relaciones Exteriores y la Oficina de Aduanas y Protecci\u00f3n Fronteriza (CBP) del Departamento de Seguridad Nacional de los Estados Unidos, lo cual inicia las negociaciones para incluir a Rep\u00fablica Dominicana entre los Estados socios de la iniciativa \u201cGlobal Entry\u201d, la cual agilizar\u00e1 los tr\u00e1mites de entrada a territorio estadounidense y, por consiguiente, propiciar\u00e1 los negocios.<\/p>\n\n\n\n<p>En el almuerzo realizado en el Hotel Embajador, participaron ministros, viceministros y directores del MIREX, otros funcionarios del gobierno, diplom\u00e1ticos, directivos de la AMCHAMDR, empresarios y directores de medios de comunicaci\u00f3n.<\/p>\n","protected":false},"excerpt":{"rendered":"<p>Santo Domingo.-&nbsp;El canciller Roberto \u00c1lvarez&nbsp;asegur\u00f3 este mi\u00e9rcoles que Rep\u00fablica Dominicana est\u00e1 atrayendo considerable atenci\u00f3n internacional, gracias&nbsp;al liderazgo del Presidente Luis Abinader. Durante su participaci\u00f3n como orador invitado en el almuerzo&hellip; <\/p>\n","protected":false},"author":2,"featured_media":780,"comment_status":"open","ping_status":"open","sticky":false,"template":"","format":"standard","meta":{"fifu_image_url":"","fifu_image_alt":"","footnotes":""},"categories":[54],"tags":[],"class_list":["post-779","post","type-post","status-publish","format-standard","has-post-thumbnail","hentry","category-politica_exterior"],"_links":{"self":[{"href":"https:\/\/elmundodelapolitica.com\/v1\/wp-json\/wp\/v2\/posts\/779","targetHints":{"allow":["GET"]}}],"collection":[{"href":"https:\/\/elmundodelapolitica.com\/v1\/wp-json\/wp\/v2\/posts"}],"about":[{"href":"https:\/\/elmundodelapolitica.com\/v1\/wp-json\/wp\/v2\/types\/post"}],"author":[{"embeddable":true,"href":"https:\/\/elmundodelapolitica.com\/v1\/wp-json\/wp\/v2\/users\/2"}],"replies":[{"embeddable":true,"href":"https:\/\/elmundodelapolitica.com\/v1\/wp-json\/wp\/v2\/comments?post=779"}],"version-history":[{"count":1,"href":"https:\/\/elmundodelapolitica.com\/v1\/wp-json\/wp\/v2\/posts\/779\/revisions"}],"predecessor-version":[{"id":781,"href":"https:\/\/elmundodelapolitica.com\/v1\/wp-json\/wp\/v2\/posts\/779\/revisions\/781"}],"wp:featuredmedia":[{"embeddable":true,"href":"https:\/\/elmundodelapolitica.com\/v1\/wp-json\/wp\/v2\/media\/780"}],"wp:attachment":[{"href":"https:\/\/elmundodelapolitica.com\/v1\/wp-json\/wp\/v2\/media?parent=779"}],"wp:term":[{"taxonomy":"category","embeddable":true,"href":"https:\/\/elmundodelapolitica.com\/v1\/wp-json\/wp\/v2\/categories?post=779"},{"taxonomy":"post_tag","embeddable":true,"href":"https:\/\/elmundodelapolitica.com\/v1\/wp-json\/wp\/v2\/tags?post=779"}],"curies":[{"name":"wp","href":"https:\/\/api.w.org\/{rel}","templated":true}]}}