{"id":7782,"date":"2026-03-04T03:04:43","date_gmt":"2026-03-04T07:04:43","guid":{"rendered":"https:\/\/elmundodelapolitica.com\/v1\/fuerza-del-pueblo-consolida-direccion-del-distrito-nacional-y-fortalece-su-estructura-institucional\/"},"modified":"2026-03-04T09:32:13","modified_gmt":"2026-03-04T13:32:13","slug":"fuerza-del-pueblo-consolida-direccion-del-distrito-nacional-y-fortalece-su-estructura-institucional","status":"publish","type":"post","link":"https:\/\/elmundodelapolitica.com\/v1\/fuerza-del-pueblo-consolida-direccion-del-distrito-nacional-y-fortalece-su-estructura-institucional\/","title":{"rendered":"Fuerza del Pueblo consolida Direcci\u00f3n del Distrito nacional y fortalece su estructura institucional"},"content":{"rendered":"\n<p><strong>Santo Domingo.&nbsp;<\/strong>La&nbsp;<strong>Fuerza del Pueblo<\/strong>&nbsp;dej\u00f3 formalmente conformada la Direcci\u00f3n del Distrito Nacional, en el marco de las resoluciones adoptadas por la Comisi\u00f3n Especial de Reservas y Consensos del Congreso Elector \u201cManolo Tav\u00e1rez Justo\u201d, marcando un hito en el proceso de institucionalizaci\u00f3n y fortalecimiento organizativo del partido en la capital de la Rep\u00fablica.<\/p>\n\n\n\n<p>Con esta decisi\u00f3n, la organizaci\u00f3n consolida una estructura multidisciplinaria que integra experiencia pol\u00edtica, capacidades t\u00e9cnicas y liderazgo emergente de distintas generaciones, orientada a construir una gesti\u00f3n territorial m\u00e1s organizada, planificada y estrat\u00e9gica.<\/p>\n\n\n\n<p>El presidente del Distrito Nacional, Rafael Paz, destac\u00f3 que esta conformaci\u00f3n \u201crepresenta un paso firme hacia la consolidaci\u00f3n de una estructura compacta, funcional y cohesionada, capaz de articular agenda, comunicaci\u00f3n y estrategia electoral con visi\u00f3n de largo plazo\u201d.<\/p>\n\n\n\n<p>Se\u00f1al\u00f3 adem\u00e1s que el fortalecimiento institucional del Distrito Nacional es clave para elevar la calidad del trabajo pol\u00edtico en la plaza m\u00e1s estrat\u00e9gica del pa\u00eds, bajo principios de unidad, m\u00e9todo y responsabilidad.<\/p>\n\n\n\n<p>A esta estructura se suman los presidentes de circunscripci\u00f3n Manuel Paulino, Andr\u00e9s Mart\u00ednez y Yuderka de la Rosa, as\u00ed como los vicepresidentes y secretarios generales de las tres circunscripciones del Distrito Nacional, consolidando una articulaci\u00f3n territorial s\u00f3lida y operativa.<\/p>\n\n\n\n<p><strong>Composici\u00f3n de la Direcci\u00f3n Ejecutiva del Distrito Nacional:<\/strong><\/p>\n\n\n\n<p>Direcci\u00f3n Ejecutiva:<\/p>\n\n\n\n<p>\u2022 Presidente: Rafael Paz Familia.<\/p>\n\n\n\n<p>\u2022 Vicepresidente: Daniel Beltr\u00e9 L\u00f3pez.<\/p>\n\n\n\n<p>\u2022 Secretario General: Gregorio Nelson G\u00f3mez.<\/p>\n\n\n\n<p>\u2022 Secretario de Organizaci\u00f3n: Vicente Veloz.<\/p>\n\n\n\n<p>\u2022 Secretario de Finanzas: Rafael Guti\u00e9rrez.<\/p>\n\n\n\n<p>\u2022 Secretario de Asuntos Jur\u00eddicos: Francisco Guill\u00e9n.<\/p>\n\n\n\n<p>\u2022 Secretaria de Asuntos Comunitarios: Dinamarca Reynoso.<\/p>\n\n\n\n<p>\u2022 Secretario de Tecnolog\u00eda: Richard Alc\u00e1ntara.<\/p>\n\n\n\n<p>\u2022 Secretario de Asuntos Operativos: Roberto Toribio.<\/p>\n\n\n\n<p>Secretar\u00edas Especializadas:<\/p>\n\n\n\n<p>\u2022 Secretar\u00eda de Formaci\u00f3n Pol\u00edtica: Rodolfo Coiscou.<\/p>\n\n\n\n<p>\u2022 Secretar\u00eda de Estrategia: Carlos Blanco.<\/p>\n\n\n\n<p>\u2022 Secretar\u00eda de Comunicaciones: Adonaida Medina.<\/p>\n\n\n\n<p>\u2022 Secretar\u00eda de Planificaci\u00f3n y Desarrollo: Ra\u00fal Hern\u00e1ndez.<\/p>\n\n\n\n<p>\u2022 Secretar\u00eda de Propaganda: Joel Rodr\u00edguez.<\/p>\n\n\n\n<p>\u2022 Secretar\u00eda de Competitividad, Productividad y Desarrollo: Robert Mart\u00ednez.<\/p>\n\n\n\n<p>\u2022 Secretar\u00eda de Acci\u00f3n Social: Charin\u00e9 Ovalle.<\/p>\n\n\n\n<p>\u2022 Secretar\u00eda de Asuntos Municipales: Manuel Garc\u00eda.<\/p>\n\n\n\n<p>\u2022 Secretar\u00eda de Medio Ambiente: Marina Tejera.<\/p>\n\n\n\n<p>\u2022 Secretar\u00eda de Educaci\u00f3n: Nicol\u00e1s Acosta.<\/p>\n\n\n\n<p>\u2022 Secretar\u00eda de la Mujer: Cindy Rochi.<\/p>\n\n\n\n<p>\u2022 Secretar\u00eda de la Juventud: Enger Rosa.<\/p>\n\n\n\n<p>\u2022 Secretar\u00eda de Educaci\u00f3n Superior: Ram\u00f3n Valerio.<\/p>\n\n\n\n<p>\u2022 Secretar\u00eda de Transporte: Jairo Do\u00f1\u00e9.<\/p>\n","protected":false},"excerpt":{"rendered":"<p>Santo Domingo.&nbsp;La&nbsp;Fuerza del Pueblo&nbsp;dej\u00f3 formalmente conformada la Direcci\u00f3n del Distrito Nacional, en el marco de las resoluciones adoptadas por la Comisi\u00f3n Especial de Reservas y Consensos del Congreso Elector \u201cManolo&hellip; <\/p>\n","protected":false},"author":1,"featured_media":7785,"comment_status":"closed","ping_status":"closed","sticky":false,"template":"","format":"standard","meta":{"fifu_image_url":"https:\/\/i0.wp.com\/rnn.com.do\/wp-content\/uploads\/2026\/03\/image-11.png?resize=696%2C823&ssl=1","fifu_image_alt":"","footnotes":""},"categories":[17],"tags":[],"class_list":["post-7782","post","type-post","status-publish","format-standard","has-post-thumbnail","hentry","category-politica"],"_links":{"self":[{"href":"https:\/\/elmundodelapolitica.com\/v1\/wp-json\/wp\/v2\/posts\/7782","targetHints":{"allow":["GET"]}}],"collection":[{"href":"https:\/\/elmundodelapolitica.com\/v1\/wp-json\/wp\/v2\/posts"}],"about":[{"href":"https:\/\/elmundodelapolitica.com\/v1\/wp-json\/wp\/v2\/types\/post"}],"author":[{"embeddable":true,"href":"https:\/\/elmundodelapolitica.com\/v1\/wp-json\/wp\/v2\/users\/1"}],"replies":[{"embeddable":true,"href":"https:\/\/elmundodelapolitica.com\/v1\/wp-json\/wp\/v2\/comments?post=7782"}],"version-history":[{"count":1,"href":"https:\/\/elmundodelapolitica.com\/v1\/wp-json\/wp\/v2\/posts\/7782\/revisions"}],"predecessor-version":[{"id":7784,"href":"https:\/\/elmundodelapolitica.com\/v1\/wp-json\/wp\/v2\/posts\/7782\/revisions\/7784"}],"wp:featuredmedia":[{"embeddable":true,"href":"https:\/\/elmundodelapolitica.com\/v1\/wp-json\/wp\/v2\/media\/7785"}],"wp:attachment":[{"href":"https:\/\/elmundodelapolitica.com\/v1\/wp-json\/wp\/v2\/media?parent=7782"}],"wp:term":[{"taxonomy":"category","embeddable":true,"href":"https:\/\/elmundodelapolitica.com\/v1\/wp-json\/wp\/v2\/categories?post=7782"},{"taxonomy":"post_tag","embeddable":true,"href":"https:\/\/elmundodelapolitica.com\/v1\/wp-json\/wp\/v2\/tags?post=7782"}],"curies":[{"name":"wp","href":"https:\/\/api.w.org\/{rel}","templated":true}]}}