{"id":7780,"date":"2026-03-04T09:33:20","date_gmt":"2026-03-04T13:33:20","guid":{"rendered":"https:\/\/elmundodelapolitica.com\/v1\/?p=7780"},"modified":"2026-03-04T09:33:20","modified_gmt":"2026-03-04T13:33:20","slug":"el-prm-ha-fracasado-en-el-gobierno-rendicion-de-cuentas-fue-contraste-entre-lo-dicho-y-la-realidad-vive-rd-dice-julio-horton","status":"publish","type":"post","link":"https:\/\/elmundodelapolitica.com\/v1\/el-prm-ha-fracasado-en-el-gobierno-rendicion-de-cuentas-fue-contraste-entre-lo-dicho-y-la-realidad-vive-rd-dice-julio-horton\/","title":{"rendered":"\u201cEl PRM ha fracasado en el gobierno; rendici\u00f3n de cuentas fue contraste entre lo dicho y la realidad vive RD\u201d, dice Julio Horton"},"content":{"rendered":"\n<p><strong>SANTO DOMINGO.-J<\/strong>ulio Horton, miembro titular de la Secretar\u00eda de Migraci\u00f3n, consider\u00f3 que hay un \u201cgran contraste\u201d en el discurso del pasado d\u00eda 27 de febrero del presidente Luis Abinader porque la bonanza que intent\u00f3 reflejar, no es comparable con la inflaci\u00f3n, un 2.1% que creci\u00f3 la econom\u00eda en 2025, la poca inversi\u00f3n p\u00fablica y esos n\u00fameros \u201cno cuadran por ning\u00fan lado\u201d, por lo que se puede decir que el PRM ha fracasado en los seis a\u00f1os de gesti\u00f3n.<\/p>\n\n\n\n<p>Sus opiniones las extern\u00f3 al ser entrevistado por el periodista H\u00e9ctor Herrera Cabral en el espacio \u201cDe Entero Cr\u00e9dito\u201d que se produce de lunes a viernes a las ocho de la noche por RNN, Canal 27.<\/p>\n\n\n\n<p>Opin\u00f3 que el \u00fanico m\u00e9rito que tiene el PRM es que ha tomado prestado m\u00e1s de 50 mil millones de d\u00f3lares y no se sabe donde ha ido a parar esos fondos, pero en las dem\u00e1s \u00e1reas el gobierno ha sido un \u201ctotal fracaso\u201d.<\/p>\n\n\n\n<p>Manifest\u00f3 que el presidente Abinader lo que hizo una rendici\u00f3n de cuenta de los \u00faltimos seis a\u00f1os, no del a\u00f1o 2025 que lo indica la Ley y ya el pueblo en las diferentes provincias han desmentido con videos de que esas obras dada como concluidas, no est\u00e1n terminadas y muchas no se han iniciado.<\/p>\n\n\n\n<p>Asimismo, neg\u00f3 rotundamente que el PRM haya construido m\u00e1s l\u00edneas de Metro que en los gobiernos de Leonel Fern\u00e1ndez, cuando apenas estos han hecho lo del metro de los Alcarrizos de 5.5 kil\u00f3metros, mientras que Leonel hizo la l\u00ednea uno de 14.5 kil\u00f3metros y otros 11.3 kil\u00f3metros de la l\u00ednea dos, eso no se compara jam\u00e1s con lo hecho anteriormente.<\/p>\n\n\n\n<p>Narr\u00f3 que el caso de SeNasa llora ante la presencia de Dios, porque la ha sido el crimen m\u00e1s atroz que ha visto la naci\u00f3n porque se articul\u00f3 una estructura mafiosa para distraer fondos p\u00fablicos y eso lo dice el propio doctor Santiago Hazin en los expedientes de la medida de coerci\u00f3n.<\/p>\n\n\n\n<p>\u201cEl mandatario dijo que no habr\u00e1 vacas sagradas en SeNasa, ni en el gobierno, pero en otras \u00e1reas han detectado grandes irregularidades y eso lo dijo Milagros Ort\u00edz Bosch que envi\u00f3 m\u00e1s de 240 expedientes de corrupci\u00f3n y nadie ha ca\u00eddo preso.<\/p>\n\n\n\n<p>Dijo que Abinader prometi\u00f3 2,000 megavatios para el 2025 y no cumpli\u00f3, solo trajo en arrendamiento las dos barcazas en Azua, el subisidio el\u00e9ctrico est\u00e1 por las nubes. \u201cEn materia el\u00e9ctrica tambi\u00e9n fracaso; la seguridad ciudadana no ha dado resultado y la percepci\u00f3n que tiene la ciudadan\u00eda es que siguen los asaltos y cr\u00edmenes en los barrios y pueblo, donde no se ha visto la Reforma Policial.<\/p>\n\n\n\n<p>\u201cUna reforma policial no es cambiar el uniforme, es algo m\u00e1s hol\u00edstica y no se ha visto nada de eso\u201d, enfatiz\u00f3 el doctor Horton.<\/p>\n\n\n\n<p>Sobre la salud, los hospitales no tienen insumos, no hay medicamentos y los centros que se prometieron no se han concluido.<\/p>\n\n\n\n<p>Sostuvo que en el 2024 la ola favorable al gobierno lo aprovech\u00f3 en las municipales porque, al parecer, no hubo mucho inter\u00e9s porque la Fuerza del Pueblo hab\u00eda sacado un seis por ciento en los comicios del 2020, pero ahora la cosas es totalmente diferente.<\/p>\n\n\n\n<p>\u201cSe han estado identificando en cada municipio a los l\u00edderes locales de la Fuerza del Pueblo, quienes han visto que ahora la FP siendo el principal partido de oposici\u00f3n y con un Leonel Fern\u00e1ndez con una valoraci\u00f3n sobre un 40 por ciento en muchas provincias, la situaci\u00f3n es m\u00e1s prometedora\u201d, subray\u00f3 el doctor Horton, miembro de la Direcci\u00f3n Central.<\/p>\n\n\n\n<p>Expuso que la FP est\u00e1 ahora trabajando con su estructura para esas simpat\u00eda y percepci\u00f3n que hay de miles de dominicanos a favor del partido, en que eso se convierta en votos, tanto en las municipales como en las presidenciales en el 2028.<\/p>\n","protected":false},"excerpt":{"rendered":"<p>SANTO DOMINGO.-Julio Horton, miembro titular de la Secretar\u00eda de Migraci\u00f3n, consider\u00f3 que hay un \u201cgran contraste\u201d en el discurso del pasado d\u00eda 27 de febrero del presidente Luis Abinader porque&hellip; <\/p>\n","protected":false},"author":1,"featured_media":7787,"comment_status":"closed","ping_status":"closed","sticky":false,"template":"","format":"standard","meta":{"fifu_image_url":"https:\/\/proceso.com.do\/wp-content\/uploads\/2025\/01\/HORTONJULIO-650x400.webp","fifu_image_alt":"","footnotes":""},"categories":[12],"tags":[],"class_list":["post-7780","post","type-post","status-publish","format-standard","has-post-thumbnail","hentry","category-agenda-politica"],"_links":{"self":[{"href":"https:\/\/elmundodelapolitica.com\/v1\/wp-json\/wp\/v2\/posts\/7780","targetHints":{"allow":["GET"]}}],"collection":[{"href":"https:\/\/elmundodelapolitica.com\/v1\/wp-json\/wp\/v2\/posts"}],"about":[{"href":"https:\/\/elmundodelapolitica.com\/v1\/wp-json\/wp\/v2\/types\/post"}],"author":[{"embeddable":true,"href":"https:\/\/elmundodelapolitica.com\/v1\/wp-json\/wp\/v2\/users\/1"}],"replies":[{"embeddable":true,"href":"https:\/\/elmundodelapolitica.com\/v1\/wp-json\/wp\/v2\/comments?post=7780"}],"version-history":[{"count":1,"href":"https:\/\/elmundodelapolitica.com\/v1\/wp-json\/wp\/v2\/posts\/7780\/revisions"}],"predecessor-version":[{"id":7786,"href":"https:\/\/elmundodelapolitica.com\/v1\/wp-json\/wp\/v2\/posts\/7780\/revisions\/7786"}],"wp:featuredmedia":[{"embeddable":true,"href":"https:\/\/elmundodelapolitica.com\/v1\/wp-json\/wp\/v2\/media\/7787"}],"wp:attachment":[{"href":"https:\/\/elmundodelapolitica.com\/v1\/wp-json\/wp\/v2\/media?parent=7780"}],"wp:term":[{"taxonomy":"category","embeddable":true,"href":"https:\/\/elmundodelapolitica.com\/v1\/wp-json\/wp\/v2\/categories?post=7780"},{"taxonomy":"post_tag","embeddable":true,"href":"https:\/\/elmundodelapolitica.com\/v1\/wp-json\/wp\/v2\/tags?post=7780"}],"curies":[{"name":"wp","href":"https:\/\/api.w.org\/{rel}","templated":true}]}}