{"id":7779,"date":"2026-03-03T03:01:56","date_gmt":"2026-03-03T07:01:56","guid":{"rendered":"https:\/\/elmundodelapolitica.com\/v1\/prm-en-sdn-refuta-a-radhames-jimenez-y-asegura-que-fuerza-del-pueblo-atraviesa-crisis-interna\/"},"modified":"2026-03-04T09:34:06","modified_gmt":"2026-03-04T13:34:06","slug":"prm-en-sdn-refuta-a-radhames-jimenez-y-asegura-que-fuerza-del-pueblo-atraviesa-crisis-interna","status":"publish","type":"post","link":"https:\/\/elmundodelapolitica.com\/v1\/prm-en-sdn-refuta-a-radhames-jimenez-y-asegura-que-fuerza-del-pueblo-atraviesa-crisis-interna\/","title":{"rendered":"PRM en SDN refuta a Radham\u00e9s Jim\u00e9nez y asegura que Fuerza del Pueblo atraviesa crisis interna"},"content":{"rendered":"\n<p><strong>Santo Domingo Norte. \u2013<\/strong>&nbsp;El presidente municipal del Partido Revolucionario Moderno (PRM) en Santo Domingo Norte, Isidro Torres, rechaz\u00f3 este lunes las declaraciones del vicepresidente de la Fuerza del Pueblo (FP), Radham\u00e9s Jim\u00e9nez Pe\u00f1a, quien recientemente visit\u00f3 el municipio para juramentar \u201cseg\u00fan afirm\u00f3\u201d a supuestos dirigentes y militantes perreme\u00edstas que habr\u00edan pasado a las filas de esa organizaci\u00f3n.<\/p>\n\n\n\n<p>Torres calific\u00f3 la acci\u00f3n como \u201cun acto de irresponsabilidad pol\u00edtica\u201d y sostuvo que la actividad encabezada por Jim\u00e9nez responde a un intento de desviar la atenci\u00f3n del conflicto interno que, a su juicio, afecta a la Fuerza del Pueblo en esta demarcaci\u00f3n.<\/p>\n\n\n\n<p>\u201cEn un acto de irresponsabilidad pol\u00edtica por intentar desviar la atenci\u00f3n sobre el conflicto interno que afecta a la Fuerza del Pueblo de Santo Domingo Norte, Radham\u00e9s Jim\u00e9nez visit\u00f3 esta jurisdicci\u00f3n para juramentar a supuestos militantes y dirigentes del PRM\u201d, expres\u00f3 el dirigente oficialista.<\/p>\n\n\n\n<p><strong>Presentan instancias ante tribunal electoral<\/strong><\/p>\n\n\n\n<p>Como sustento de sus afirmaciones, Torres inform\u00f3 que fueron depositadas varias instancias y notificaciones ante el tribunal electoral por parte de dirigentes de la Fuerza del Pueblo en Santo Domingo Norte, en las que \u2014seg\u00fan explic\u00f3\u2014 se cuestiona la imposici\u00f3n de miembros de la alta direcci\u00f3n en la estructura local de ese partido.<\/p>\n\n\n\n<p>De acuerdo con el presidente municipal del PRM, estas acciones han generado una situaci\u00f3n conflictiva que mantiene dividida a la dirigencia fupista en el municipio, luego del proceso de selecci\u00f3n de los nuevos integrantes de su direcci\u00f3n local.<\/p>\n\n\n\n<p><strong>Niega traspaso de dirigentes<\/strong><\/p>\n\n\n\n<p>Torres neg\u00f3 categ\u00f3ricamente que alg\u00fan dirigente o militante reconocido y organizado dentro de los organismos del PRM en Santo Domingo Norte haya abandonado la organizaci\u00f3n para integrarse a la Fuerza del Pueblo, como habr\u00eda informado su vicepresidente.<\/p>\n\n\n\n<p>A su entender, las declaraciones de Jim\u00e9nez buscan \u201crelegar y sofocar la gravedad de la crisis\u201d que atraviesa su partido tras la conformaci\u00f3n de su nueva direcci\u00f3n municipal.<\/p>\n\n\n\n<p><strong>Llamado a la militancia<\/strong><\/p>\n\n\n\n<p>El dirigente perreme\u00edsta exhort\u00f3 a la militancia y a los mun\u00edcipes de Santo Domingo Norte a no dejarse confundir por lo que calific\u00f3 como \u201cinformaciones falsas\u201d, y asegur\u00f3 que el PRM contin\u00faa fortaleci\u00e9ndose en torno a la gesti\u00f3n del presidente Luis Abinader y al liderazgo institucional de su alta direcci\u00f3n.<\/p>\n\n\n\n<p>Seg\u00fan sostuvo, el partido oficialista mantiene cohesi\u00f3n interna y trabaja en la consolidaci\u00f3n de su estructura territorial con miras a los pr\u00f3ximos procesos electorales.<\/p>\n\n\n\n<p>El intercambio de declaraciones se produce en un contexto de reacomodos internos y activismo pol\u00edtico en las principales fuerzas partidarias del pa\u00eds, de cara a la reorganizaci\u00f3n de sus estructuras municipales y al posicionamiento estrat\u00e9gico rumbo a los pr\u00f3ximos ciclos electorales.<\/p>\n","protected":false},"excerpt":{"rendered":"<p>Santo Domingo Norte. \u2013&nbsp;El presidente municipal del Partido Revolucionario Moderno (PRM) en Santo Domingo Norte, Isidro Torres, rechaz\u00f3 este lunes las declaraciones del vicepresidente de la Fuerza del Pueblo (FP),&hellip; <\/p>\n","protected":false},"author":1,"featured_media":7789,"comment_status":"closed","ping_status":"closed","sticky":false,"template":"","format":"standard","meta":{"fifu_image_url":"https:\/\/i0.wp.com\/rnn.com.do\/wp-content\/uploads\/2026\/03\/image-7.png?resize=696%2C456&ssl=1","fifu_image_alt":"","footnotes":""},"categories":[17],"tags":[],"class_list":["post-7779","post","type-post","status-publish","format-standard","has-post-thumbnail","hentry","category-politica"],"_links":{"self":[{"href":"https:\/\/elmundodelapolitica.com\/v1\/wp-json\/wp\/v2\/posts\/7779","targetHints":{"allow":["GET"]}}],"collection":[{"href":"https:\/\/elmundodelapolitica.com\/v1\/wp-json\/wp\/v2\/posts"}],"about":[{"href":"https:\/\/elmundodelapolitica.com\/v1\/wp-json\/wp\/v2\/types\/post"}],"author":[{"embeddable":true,"href":"https:\/\/elmundodelapolitica.com\/v1\/wp-json\/wp\/v2\/users\/1"}],"replies":[{"embeddable":true,"href":"https:\/\/elmundodelapolitica.com\/v1\/wp-json\/wp\/v2\/comments?post=7779"}],"version-history":[{"count":1,"href":"https:\/\/elmundodelapolitica.com\/v1\/wp-json\/wp\/v2\/posts\/7779\/revisions"}],"predecessor-version":[{"id":7788,"href":"https:\/\/elmundodelapolitica.com\/v1\/wp-json\/wp\/v2\/posts\/7779\/revisions\/7788"}],"wp:featuredmedia":[{"embeddable":true,"href":"https:\/\/elmundodelapolitica.com\/v1\/wp-json\/wp\/v2\/media\/7789"}],"wp:attachment":[{"href":"https:\/\/elmundodelapolitica.com\/v1\/wp-json\/wp\/v2\/media?parent=7779"}],"wp:term":[{"taxonomy":"category","embeddable":true,"href":"https:\/\/elmundodelapolitica.com\/v1\/wp-json\/wp\/v2\/categories?post=7779"},{"taxonomy":"post_tag","embeddable":true,"href":"https:\/\/elmundodelapolitica.com\/v1\/wp-json\/wp\/v2\/tags?post=7779"}],"curies":[{"name":"wp","href":"https:\/\/api.w.org\/{rel}","templated":true}]}}