{"id":7775,"date":"2026-03-04T09:35:42","date_gmt":"2026-03-04T13:35:42","guid":{"rendered":"https:\/\/elmundodelapolitica.com\/v1\/?p=7775"},"modified":"2026-03-04T09:35:42","modified_gmt":"2026-03-04T13:35:42","slug":"prd-exige-acciones-concretas-ante-crisis-electrica-tambien-pide-auditoria-a-la-linea-2c-del-metro","status":"publish","type":"post","link":"https:\/\/elmundodelapolitica.com\/v1\/prd-exige-acciones-concretas-ante-crisis-electrica-tambien-pide-auditoria-a-la-linea-2c-del-metro\/","title":{"rendered":"PRD exige acciones concretas ante crisis el\u00e9ctrica; tambi\u00e9n pide auditor\u00eda a la L\u00ednea 2C del Metro"},"content":{"rendered":"\n<p>Rep\u00fablica Dominicana.-El Partido Revolucionario Dominicano (PRD), a trav\u00e9s de su presidente ejecutivo, H\u00e9ctor Guzm\u00e1n, afirm\u00f3 que el presidente de la Rep\u00fablica, Luis Abinader, est\u00e1 obligado a demostrar con hechos su alegada preocupaci\u00f3n por el desplome del sector el\u00e9ctrico y a evitar que el pa\u00eds vuelva a enfrentar traumas de gran magnitud como los ocurridos en los \u00faltimos seis meses.<\/p>\n\n\n\n<p>El PRD record\u00f3 la salida abrupta de las plantas de Punta Catalina en agosto, as\u00ed como los apagones generales registrados en noviembre y febrero pasados, situaciones que \u2014a juicio de la organizaci\u00f3n\u2014 evidencian una preocupante fragilidad en la gerencia del sistema el\u00e9ctrico estatal.<\/p>\n\n\n\n<p>\u201cTres crisis en seis meses. Nunca se hab\u00eda visto eso. Yo creo que si el presidente usa su palabra de que \u00e9l se ocupaba y no protege a nadie, es para que hubiera cancelado hasta el mensajero en el sector el\u00e9ctrico\u201d, expres\u00f3 Guzm\u00e1n.<\/p>\n\n\n\n<p>El dirigente perrede\u00edsta sostuvo que hasta el momento el pa\u00eds no ha recibido ninguna se\u00f1al de cambios estructurales en la administraci\u00f3n del sector el\u00e9ctrico que garanticen un servicio eficiente, estable y confiable. \u201cNo basta con declaraciones; se requieren decisiones firmes y responsabilidades claras para evitar que estas fallas vuelvan a repetirse\u201d, puntualiz\u00f3.<\/p>\n\n\n\n<p>Pide auditor\u00eda a L\u00ednea 2C del Metro<\/p>\n\n\n\n<p>Guzm\u00e1n tambi\u00e9n cuestion\u00f3 el manejo presupuestario de la reci\u00e9n inaugurada L\u00ednea 2C del Metro de Santo Domingo, que conecta el Distrito Nacional con Los Alcarrizos.<\/p>\n\n\n\n<p>Record\u00f3 que la obra fue iniciada en 2021 con un presupuesto anunciado de 506 millones de d\u00f3lares y que, pese a haber sido entregada tres a\u00f1os despu\u00e9s de la fecha inicialmente pautada para 2023, el Gobierno sostiene que el costo final fue el mismo monto anunciado al inicio.<\/p>\n\n\n\n<p>\u201cSi una obra que se retrasa tres a\u00f1os mantiene exactamente el mismo presupuesto anunciado al inicio, lo m\u00ednimo que corresponde es una auditor\u00eda independiente que establezca cu\u00e1nto cost\u00f3 realmente la construcci\u00f3n de la L\u00ednea 2C del Metro de Los Alcarrizos\u201d, afirm\u00f3.<\/p>\n\n\n\n<p>El PRD consider\u00f3 imprescindible que se transparente cada centavo invertido en esa infraestructura, a fin de garantizar la confianza p\u00fablica y despejar cualquier duda sobre el uso de los recursos del Estado.<\/p>\n\n\n\n<p>La organizaci\u00f3n reiter\u00f3 que continuar\u00e1 vigilante ante lo que defini\u00f3 como fallas graves en la gesti\u00f3n gubernamental, y exigi\u00f3 respuestas claras y correctivos inmediatos tanto en el sector el\u00e9ctrico como en las grandes obras de infraestructura nacional.<\/p>\n","protected":false},"excerpt":{"rendered":"<p>Rep\u00fablica Dominicana.-El Partido Revolucionario Dominicano (PRD), a trav\u00e9s de su presidente ejecutivo, H\u00e9ctor Guzm\u00e1n, afirm\u00f3 que el presidente de la Rep\u00fablica, Luis Abinader, est\u00e1 obligado a demostrar con hechos su&hellip; <\/p>\n","protected":false},"author":1,"featured_media":7792,"comment_status":"closed","ping_status":"closed","sticky":false,"template":"","format":"standard","meta":{"fifu_image_url":"https:\/\/proceso.com.do\/wp-content\/uploads\/2026\/03\/WhatsApp-Image-2026-03-02-at-3.08.32-PM-650x400.webp","fifu_image_alt":"","footnotes":""},"categories":[12],"tags":[],"class_list":["post-7775","post","type-post","status-publish","format-standard","has-post-thumbnail","hentry","category-agenda-politica"],"_links":{"self":[{"href":"https:\/\/elmundodelapolitica.com\/v1\/wp-json\/wp\/v2\/posts\/7775","targetHints":{"allow":["GET"]}}],"collection":[{"href":"https:\/\/elmundodelapolitica.com\/v1\/wp-json\/wp\/v2\/posts"}],"about":[{"href":"https:\/\/elmundodelapolitica.com\/v1\/wp-json\/wp\/v2\/types\/post"}],"author":[{"embeddable":true,"href":"https:\/\/elmundodelapolitica.com\/v1\/wp-json\/wp\/v2\/users\/1"}],"replies":[{"embeddable":true,"href":"https:\/\/elmundodelapolitica.com\/v1\/wp-json\/wp\/v2\/comments?post=7775"}],"version-history":[{"count":1,"href":"https:\/\/elmundodelapolitica.com\/v1\/wp-json\/wp\/v2\/posts\/7775\/revisions"}],"predecessor-version":[{"id":7791,"href":"https:\/\/elmundodelapolitica.com\/v1\/wp-json\/wp\/v2\/posts\/7775\/revisions\/7791"}],"wp:featuredmedia":[{"embeddable":true,"href":"https:\/\/elmundodelapolitica.com\/v1\/wp-json\/wp\/v2\/media\/7792"}],"wp:attachment":[{"href":"https:\/\/elmundodelapolitica.com\/v1\/wp-json\/wp\/v2\/media?parent=7775"}],"wp:term":[{"taxonomy":"category","embeddable":true,"href":"https:\/\/elmundodelapolitica.com\/v1\/wp-json\/wp\/v2\/categories?post=7775"},{"taxonomy":"post_tag","embeddable":true,"href":"https:\/\/elmundodelapolitica.com\/v1\/wp-json\/wp\/v2\/tags?post=7775"}],"curies":[{"name":"wp","href":"https:\/\/api.w.org\/{rel}","templated":true}]}}