{"id":7773,"date":"2026-03-04T09:36:29","date_gmt":"2026-03-04T13:36:29","guid":{"rendered":"https:\/\/elmundodelapolitica.com\/v1\/?p=7773"},"modified":"2026-03-04T09:36:30","modified_gmt":"2026-03-04T13:36:30","slug":"pld-desmiente-rendicion-de-cuentas-del-presidente-abinader-denuncia-crisis-agropecuaria-y-caida-de-produccion-nacional","status":"publish","type":"post","link":"https:\/\/elmundodelapolitica.com\/v1\/pld-desmiente-rendicion-de-cuentas-del-presidente-abinader-denuncia-crisis-agropecuaria-y-caida-de-produccion-nacional\/","title":{"rendered":"PLD desmiente rendici\u00f3n de cuentas del presidente Abinader, denuncia crisis agropecuaria y ca\u00edda de producci\u00f3n nacional"},"content":{"rendered":"\n<p>SANTO DOMINGO.- El dirigente del Partido de la Liberaci\u00f3n Dominicana (PLD), Adriano S\u00e1nchez Roa, afirm\u00f3 que el 2025 ha sido un a\u00f1o \u201cfunesto\u201d para la agricultura dominicana, al denunciar una profunda crisis en el sector agropecuario que, a su juicio, ha provocado ca\u00edda en la producci\u00f3n nacional, aumento de importaciones y alzas sin precedentes en los precios de los alimentos.<\/p>\n\n\n\n<p>Durante una rueda de prensa, el tambi\u00e9n miembro del Comit\u00e9 Pol\u00edtico del PLD calific\u00f3 la situaci\u00f3n del campo como \u201ccr\u00edtica y ca\u00f3tica\u201d, responsabilizando al gobierno del PRM de haber sustituido la producci\u00f3n local por importaciones masivas, lo que \u2014seg\u00fan sostuvo\u2014 ha llevado a la quiebra a miles de productores.<\/p>\n\n\n\n<p>S\u00e1nchez Roa asegur\u00f3 que el pa\u00eds pas\u00f3 de importar el 9.8 % de los alimentos en 2020 a un 28.2 % en 2025, mientras que la autosuficiencia alimentaria se redujo de 88.5 % a 71.8 % en ese mismo per\u00edodo, con una ca\u00edda acumulada de 32 % en la producci\u00f3n nacional.<\/p>\n\n\n\n<h3 class=\"wp-block-heading\">Alzas en productos b\u00e1sicos<\/h3>\n\n\n\n<p>El dirigente pelede\u00edsta cit\u00f3 como ejemplo el arroz, cuya producci\u00f3n \u2014dijo\u2014 baj\u00f3 de 13,831,938 quintales en 2018 a 13,083,001 en 2025. Indic\u00f3 que el precio del saco de 125 libras aument\u00f3 de RD$1,650 a RD$4,975, lo que, afirm\u00f3, ha reducido el consumo per c\u00e1pita anual de 134.47 libras a 122.4.<\/p>\n\n\n\n<p>En cuanto al pollo, se\u00f1al\u00f3 que la producci\u00f3n fue deficitaria en 2025, con precios al consumidor entre RD$90 y RD$130 por libra. Atribuy\u00f3 la situaci\u00f3n a la quiebra de 303 peque\u00f1os y medianos productores, lo que oblig\u00f3 a importar 2.5 millones de unidades.<\/p>\n\n\n\n<p>Tambi\u00e9n denunci\u00f3 una crisis en el sector bananero entre 2023 y 2025, con ca\u00edda en exportaciones de US$363 millones en 2021 a US$202.7 millones en 2024, adem\u00e1s de la p\u00e9rdida de 30,000 empleos y el aumento de 30 % en los costos de producci\u00f3n.<\/p>\n\n\n\n<p>Sobre la Peste Porcina Africana, sostuvo que redujo en 60 % la poblaci\u00f3n porcina nacional, provoc\u00f3 la ruina de m\u00e1s de 15,000 granjeros y elev\u00f3 el precio de la carne de cerdo de RD$78.50 en 2019 a RD$231.20 la libra en 2025. Seg\u00fan afirm\u00f3, actualmente el 75 % del cerdo consumido en el pa\u00eds es importado.<\/p>\n\n\n\n<h3 class=\"wp-block-heading\">Cr\u00edticas institucionales y laborales<\/h3>\n\n\n\n<p>S\u00e1nchez Roa atribuy\u00f3 la crisis a la desatenci\u00f3n del Ministerio de Agricultura, el Banco Agr\u00edcola y el Indrhi, se\u00f1alando fallas en la preparaci\u00f3n de tierras, provisi\u00f3n de semillas certificadas, financiamiento, sistemas de riego y caminos interparcelarios.<\/p>\n\n\n\n<p>Denunci\u00f3 que m\u00e1s de 50,000 empleos agropecuarios se han perdido durante la actual gesti\u00f3n y que persiste la cancelaci\u00f3n de agr\u00f3nomos y vacantes sin cubrir. Reclam\u00f3 la reposici\u00f3n de 350 profesionales cancelados y el nombramiento de 1,650 t\u00e9cnicos.<\/p>\n\n\n\n<p>Asimismo, critic\u00f3 que no se hayan otorgado 1,600 pensiones pendientes ni revisado otras 650, muchas sin seguro m\u00e9dico, respaldando las demandas de la Asociaci\u00f3n Nacional de Profesionales Agropecuarios (ANPA).<\/p>\n\n\n\n<p>Record\u00f3 que desde 2017 el salario m\u00ednimo mensual de los profesionales agropecuarios permanece en RD$35,000, pese a que el costo promedio de la canasta familiar se sit\u00faa actualmente en RD$48,541.84.<\/p>\n\n\n\n<h3 class=\"wp-block-heading\">Presupuesto e importaciones<\/h3>\n\n\n\n<p>El dirigente indic\u00f3 que durante los 67 meses del actual gobierno se han importado US$26,521.5 millones en alimentos, equivalentes a RD$1.52 billones, y critic\u00f3 la emisi\u00f3n de 7,000 permisos de importaci\u00f3n \u201cgrado a grado\u201d, lo que \u2014seg\u00fan dijo\u2014 dej\u00f3 de generar m\u00e1s de RD$57,000 millones al Estado.<\/p>\n\n\n\n<p>Tambi\u00e9n cuestion\u00f3 que el Presupuesto General de la Naci\u00f3n 2026 asigne apenas el 1.18 % al sector agropecuario, equivalente a RD$18,697 millones, frente a una necesidad estimada de RD$67,345 millones.<\/p>\n\n\n\n<p>Finalmente, advirti\u00f3 que la crisis podr\u00eda agravarse en 2026 debido al debilitamiento institucional del sector y reiter\u00f3 que el PLD continuar\u00e1 denunciando lo que considera una pol\u00edtica de abandono al campo dominicano.<\/p>\n","protected":false},"excerpt":{"rendered":"<p>SANTO DOMINGO.- El dirigente del Partido de la Liberaci\u00f3n Dominicana (PLD), Adriano S\u00e1nchez Roa, afirm\u00f3 que el 2025 ha sido un a\u00f1o \u201cfunesto\u201d para la agricultura dominicana, al denunciar una&hellip; <\/p>\n","protected":false},"author":1,"featured_media":7794,"comment_status":"closed","ping_status":"closed","sticky":false,"template":"","format":"standard","meta":{"fifu_image_url":"https:\/\/proceso.com.do\/wp-content\/uploads\/2026\/03\/Captura-de-pantalla-2026-03-02-125211-650x400.webp","fifu_image_alt":"","footnotes":""},"categories":[12],"tags":[],"class_list":["post-7773","post","type-post","status-publish","format-standard","has-post-thumbnail","hentry","category-agenda-politica"],"_links":{"self":[{"href":"https:\/\/elmundodelapolitica.com\/v1\/wp-json\/wp\/v2\/posts\/7773","targetHints":{"allow":["GET"]}}],"collection":[{"href":"https:\/\/elmundodelapolitica.com\/v1\/wp-json\/wp\/v2\/posts"}],"about":[{"href":"https:\/\/elmundodelapolitica.com\/v1\/wp-json\/wp\/v2\/types\/post"}],"author":[{"embeddable":true,"href":"https:\/\/elmundodelapolitica.com\/v1\/wp-json\/wp\/v2\/users\/1"}],"replies":[{"embeddable":true,"href":"https:\/\/elmundodelapolitica.com\/v1\/wp-json\/wp\/v2\/comments?post=7773"}],"version-history":[{"count":1,"href":"https:\/\/elmundodelapolitica.com\/v1\/wp-json\/wp\/v2\/posts\/7773\/revisions"}],"predecessor-version":[{"id":7793,"href":"https:\/\/elmundodelapolitica.com\/v1\/wp-json\/wp\/v2\/posts\/7773\/revisions\/7793"}],"wp:featuredmedia":[{"embeddable":true,"href":"https:\/\/elmundodelapolitica.com\/v1\/wp-json\/wp\/v2\/media\/7794"}],"wp:attachment":[{"href":"https:\/\/elmundodelapolitica.com\/v1\/wp-json\/wp\/v2\/media?parent=7773"}],"wp:term":[{"taxonomy":"category","embeddable":true,"href":"https:\/\/elmundodelapolitica.com\/v1\/wp-json\/wp\/v2\/categories?post=7773"},{"taxonomy":"post_tag","embeddable":true,"href":"https:\/\/elmundodelapolitica.com\/v1\/wp-json\/wp\/v2\/tags?post=7773"}],"curies":[{"name":"wp","href":"https:\/\/api.w.org\/{rel}","templated":true}]}}