{"id":7771,"date":"2026-03-04T09:37:48","date_gmt":"2026-03-04T13:37:48","guid":{"rendered":"https:\/\/elmundodelapolitica.com\/v1\/?p=7771"},"modified":"2026-03-04T09:37:49","modified_gmt":"2026-03-04T13:37:49","slug":"para-radhames-jimenez-el-presidente-abinader-en-su-rendicion-de-cuentas-hablaba-a-ciudadanos-de-finlandia-o-noruega-mientras-el-pais-se-esta-cayendo-a-pedazos","status":"publish","type":"post","link":"https:\/\/elmundodelapolitica.com\/v1\/para-radhames-jimenez-el-presidente-abinader-en-su-rendicion-de-cuentas-hablaba-a-ciudadanos-de-finlandia-o-noruega-mientras-el-pais-se-esta-cayendo-a-pedazos\/","title":{"rendered":"Para Radham\u00e9s Jim\u00e9nez el presidente Abinader en su rendici\u00f3n de cuentas hablaba a ciudadanos de Finlandia o Noruega \u201cmientras el pa\u00eds se est\u00e1 cayendo a pedazos\u201d"},"content":{"rendered":"<p><img loading=\"lazy\" decoding=\"async\" class=\"attachment-post-thumbnail size-post-thumbnail wp-post-image\" style=\"float: left; margin: 0 15px 15px 0;\" src=\"https:\/\/elmundodelapolitica.com\/v1\/wp-content\/uploads\/2026\/03\/WhatsApp-Image-2026-03-02-at-75036-AM.jpeg\" sizes=\"auto, (max-width: 1600px) 100vw, 1600px\" srcset=\"https:\/\/elmundodelapolitica.com\/v1\/wp-content\/uploads\/2026\/03\/WhatsApp-Image-2026-03-02-at-75036-AM.jpeg 1600w, https:\/\/proceso.com.do\/wp-content\/uploads\/2026\/03\/WhatsApp-Image-2026-03-02-at-7.50.36-AM-768x576.jpeg 768w, https:\/\/proceso.com.do\/wp-content\/uploads\/2026\/03\/WhatsApp-Image-2026-03-02-at-7.50.36-AM-1536x1152.jpeg 1536w\" alt=\"\" width=\"1600\" height=\"1200\" \/><\/p>\n<p>Rep\u00fablica Dominicana.-El vicepresidente y coordinador pol\u00edtico del partido Fuerza del Pueblo, Radham\u00e9s Jim\u00e9nez, afirm\u00f3 que el discurso de rendici\u00f3n de cuentas del gobierno del PRM, pareciese que se les hablaba a ciudadanos de un pa\u00eds n\u00f3rdico, como es el caso de Finlandia o Noruega, no de Rep\u00fablica Dominicana.<\/p>\n<p>Sostuvo, que\u00a0 resulta muy cuesta arriba\u00a0 demostrarle a millones de dominicanos que nuestro pa\u00eds est\u00e1 situado como uno de los pa\u00edses m\u00e1s\u00a0 avanzando en materia alimentaria , mientras una organizaci\u00f3n vinculada a naciones denominada, Kantar Word Panel realiz\u00f3\u00a0 un estudio y\u00a0 reflej\u00f3\u00a0 que m\u00e1s de 6 millones de dominicanos solo pueden comer una vez al d\u00eda, y que el 49 por ciento de los hogares del pa\u00eds\u00a0 tienen que tomar prestado para completar la comida; el 51 por ciento de los ni\u00f1os de 1 a 5 a\u00f1os est\u00e1n sufriendo de desnutrici\u00f3n cr\u00f3nica, y que el 50 por ciento de las mujeres en etapa reproductiva est\u00e1n sufriendo de anemia, por la falta de ingesta de alimentos.<\/p>\n<p>Jim\u00e9nez Pe\u00f1a, dijo que\u00a0\u00a0 mientras el presidente recita todos estos poemas en la Asamblea Nacional, el pa\u00eds se est\u00e1 cayendo a pedazos con p\u00e9simos servicios hospitalarios, calidad de la educaci\u00f3n por el suelo, transporte p\u00fablico vuelto un caos, delincuencia y la criminalidad anda por sus fueros, y el alto costo de la vida tiene a todo el pueblo en un estado de desesperaci\u00f3n.<\/p>\n<p>De manera jocosa expres\u00f3 que lo que m\u00e1s le gust\u00f3 de la rendici\u00f3n de cuentas fue el anuncio de la estaci\u00f3n espacial, que se construir\u00e1 en Oviedo y entrar\u00e1 en funcionamiento antes del 2028. Llam\u00f3 al pueblo a resistir porque se acerca el desalojo del PRM, y el compa\u00f1ero Leonel Fern\u00e1ndez asuma los destinos del pa\u00eds a partir del 16 de agosto del a\u00f1o 2028.<\/p>\n<p>Estas declaraciones se produjeron en el marco de la inauguraci\u00f3n del nuevo local de la FP. en el municipio de Mao. Estuvo acompa\u00f1ado del secretario General Antonio Flori\u00e1n (Pe\u00f1ita), Fredy P\u00e9rez, Jhoanny Guzm\u00e1n, Manuel Guichardo, Xiomara Valerio, Francis Vargas, Franklin Pe\u00f1a, Francisco Luciano, Tony Herrera y el presidente provincial Juan B\u00e1ez, as\u00ed como dem\u00e1s dirigentes y simpatizantes de esa zona del pa\u00eds.<\/p>\n","protected":false},"excerpt":{"rendered":"<p>Rep\u00fablica Dominicana.-El vicepresidente y coordinador pol\u00edtico del partido Fuerza del Pueblo, Radham\u00e9s Jim\u00e9nez, afirm\u00f3 que el discurso de rendici\u00f3n de cuentas del gobierno del PRM, pareciese que se les hablaba&hellip; <\/p>\n","protected":false},"author":1,"featured_media":7796,"comment_status":"closed","ping_status":"closed","sticky":false,"template":"","format":"standard","meta":{"fifu_image_url":"https:\/\/proceso.com.do\/wp-content\/uploads\/2026\/03\/WhatsApp-Image-2026-03-02-at-7.50.36-AM-650x400.webp","fifu_image_alt":"","footnotes":""},"categories":[12],"tags":[],"class_list":["post-7771","post","type-post","status-publish","format-standard","has-post-thumbnail","hentry","category-agenda-politica"],"_links":{"self":[{"href":"https:\/\/elmundodelapolitica.com\/v1\/wp-json\/wp\/v2\/posts\/7771","targetHints":{"allow":["GET"]}}],"collection":[{"href":"https:\/\/elmundodelapolitica.com\/v1\/wp-json\/wp\/v2\/posts"}],"about":[{"href":"https:\/\/elmundodelapolitica.com\/v1\/wp-json\/wp\/v2\/types\/post"}],"author":[{"embeddable":true,"href":"https:\/\/elmundodelapolitica.com\/v1\/wp-json\/wp\/v2\/users\/1"}],"replies":[{"embeddable":true,"href":"https:\/\/elmundodelapolitica.com\/v1\/wp-json\/wp\/v2\/comments?post=7771"}],"version-history":[{"count":1,"href":"https:\/\/elmundodelapolitica.com\/v1\/wp-json\/wp\/v2\/posts\/7771\/revisions"}],"predecessor-version":[{"id":7795,"href":"https:\/\/elmundodelapolitica.com\/v1\/wp-json\/wp\/v2\/posts\/7771\/revisions\/7795"}],"wp:featuredmedia":[{"embeddable":true,"href":"https:\/\/elmundodelapolitica.com\/v1\/wp-json\/wp\/v2\/media\/7796"}],"wp:attachment":[{"href":"https:\/\/elmundodelapolitica.com\/v1\/wp-json\/wp\/v2\/media?parent=7771"}],"wp:term":[{"taxonomy":"category","embeddable":true,"href":"https:\/\/elmundodelapolitica.com\/v1\/wp-json\/wp\/v2\/categories?post=7771"},{"taxonomy":"post_tag","embeddable":true,"href":"https:\/\/elmundodelapolitica.com\/v1\/wp-json\/wp\/v2\/tags?post=7771"}],"curies":[{"name":"wp","href":"https:\/\/api.w.org\/{rel}","templated":true}]}}