{"id":7765,"date":"2026-03-04T09:40:57","date_gmt":"2026-03-04T13:40:57","guid":{"rendered":"https:\/\/elmundodelapolitica.com\/v1\/?p=7765"},"modified":"2026-03-04T09:40:58","modified_gmt":"2026-03-04T13:40:58","slug":"pelegrin-castillo-afirma-gobierno-esta-desubicado-sobre-ataques-de-estados-unidos-e-israel-a-iran","status":"publish","type":"post","link":"https:\/\/elmundodelapolitica.com\/v1\/pelegrin-castillo-afirma-gobierno-esta-desubicado-sobre-ataques-de-estados-unidos-e-israel-a-iran\/","title":{"rendered":"Pelegr\u00edn Castillo afirma Gobierno est\u00e1 \"desubicado\u201d sobre ataques de Estados Unidos e Israel a Ir\u00e1n"},"content":{"rendered":"\n<p>SANTO DOMINGO.- El presidente de la&nbsp;<strong>Fuerza Nacional Progresista<\/strong>&nbsp;(FNP),&nbsp;<strong>Pelegr\u00edn Castillo<\/strong>, critic\u00f3 duramente el comunicado emitido por la&nbsp;<strong>Canciller\u00eda dominicana<\/strong>, en el que el Gobierno dominicano repudi\u00f3 los contraataques de&nbsp;<strong>Ir\u00e1n<\/strong>&nbsp;y llam\u00f3 al di\u00e1logo tras la muerte del l\u00edder supremo iran\u00ed Ali Jamene\u00ed.<\/p>\n\n\n\n<p>Castillo calific\u00f3 la posici\u00f3n oficial como \u201clamentable y desubicada\u201d y sostuvo que cualquier an\u00e1lisis serio del&nbsp;<strong>conflicto en Medio Oriente<\/strong>&nbsp;debe reconocer que el principal responsable de la subversi\u00f3n y el terrorismo en la regi\u00f3n y a nivel global ha sido el r\u00e9gimen de la&nbsp;<strong>Revoluci\u00f3n Isl\u00e1mica de Ir\u00e1n.<\/strong><\/p>\n\n\n\n<p>En su opini\u00f3n, la postura expresada por la Canciller\u00eda ignora d\u00e9cadas de acciones y discursos que han contribuido a la inestabilidad regional.<\/p>\n\n\n\n<p>El gobierno dominicano expres\u00f3 en el comunicado su repudio a los ataques injustificados de Ir\u00e1n a Estados del Golfo, sin que existiera provocaci\u00f3n alguna. Tambi\u00e9n extendi\u00f3 su solidaridad a los afectados por estos ataques.<\/p>\n\n\n\n<p>Pelegrin Castillo afirm\u00f3 que Teher\u00e1n ha sido el mayor obst\u00e1culo para las iniciativas de normalizaci\u00f3n y cooperaci\u00f3n en Medio Oriente, entre ellas los&nbsp;<strong>Acuerdos de Abraham<\/strong>, as\u00ed como para proyectos estrat\u00e9gicos como el corredor India-Golfo-Europa, al cual considera un competidor directo de la&nbsp;<strong>Iniciativa de la Franja y la Ruta<\/strong>.<\/p>\n\n\n\n<p>Asimismo, record\u00f3 que desde hace m\u00e1s de 46 a\u00f1os el r\u00e9gimen iran\u00ed mantiene una ret\u00f3rica abiertamente hostil, con consignas como \u201cMuerte a Estados Unidos\u201d y \u201cMuerte a Israel\u201d, lo que \u2014seg\u00fan afirm\u00f3\u2014 evidencia una pol\u00edtica exterior basada en la confrontaci\u00f3n permanente. En ese contexto, tambi\u00e9n cuestion\u00f3 el programa nuclear iran\u00ed y el papel de la&nbsp;<strong>Guardia Revolucionaria Isl\u00e1mica de Ir\u00e1n<\/strong>, al se\u00f1alar que el enriquecimiento de uranio por encima del 20 % dif\u00edcilmente puede justificarse con fines pac\u00edficos.<\/p>\n\n\n\n<p>Castillo afirm\u00f3 que la pol\u00edtica exterior dominicana debe actuar con mayor claridad estrat\u00e9gica y coherencia frente a escenarios internacionales complejos. Adem\u00e1s, advirti\u00f3 que comunicados como el emitido por la Canciller\u00eda pueden enviar se\u00f1ales equ\u00edvocas sobre la posici\u00f3n del pa\u00eds ante conflictos que tienen profundas implicaciones para la seguridad global.<\/p>\n","protected":false},"excerpt":{"rendered":"<p>SANTO DOMINGO.- El presidente de la&nbsp;Fuerza Nacional Progresista&nbsp;(FNP),&nbsp;Pelegr\u00edn Castillo, critic\u00f3 duramente el comunicado emitido por la&nbsp;Canciller\u00eda dominicana, en el que el Gobierno dominicano repudi\u00f3 los contraataques de&nbsp;Ir\u00e1n&nbsp;y llam\u00f3 al di\u00e1logo&hellip; <\/p>\n","protected":false},"author":1,"featured_media":7799,"comment_status":"closed","ping_status":"closed","sticky":false,"template":"","format":"standard","meta":{"fifu_image_url":"https:\/\/proceso.com.do\/wp-content\/uploads\/2024\/09\/PELEGRINSOBRE-HAITI-650x400.webp","fifu_image_alt":"","footnotes":""},"categories":[12],"tags":[],"class_list":["post-7765","post","type-post","status-publish","format-standard","has-post-thumbnail","hentry","category-agenda-politica"],"_links":{"self":[{"href":"https:\/\/elmundodelapolitica.com\/v1\/wp-json\/wp\/v2\/posts\/7765","targetHints":{"allow":["GET"]}}],"collection":[{"href":"https:\/\/elmundodelapolitica.com\/v1\/wp-json\/wp\/v2\/posts"}],"about":[{"href":"https:\/\/elmundodelapolitica.com\/v1\/wp-json\/wp\/v2\/types\/post"}],"author":[{"embeddable":true,"href":"https:\/\/elmundodelapolitica.com\/v1\/wp-json\/wp\/v2\/users\/1"}],"replies":[{"embeddable":true,"href":"https:\/\/elmundodelapolitica.com\/v1\/wp-json\/wp\/v2\/comments?post=7765"}],"version-history":[{"count":1,"href":"https:\/\/elmundodelapolitica.com\/v1\/wp-json\/wp\/v2\/posts\/7765\/revisions"}],"predecessor-version":[{"id":7798,"href":"https:\/\/elmundodelapolitica.com\/v1\/wp-json\/wp\/v2\/posts\/7765\/revisions\/7798"}],"wp:featuredmedia":[{"embeddable":true,"href":"https:\/\/elmundodelapolitica.com\/v1\/wp-json\/wp\/v2\/media\/7799"}],"wp:attachment":[{"href":"https:\/\/elmundodelapolitica.com\/v1\/wp-json\/wp\/v2\/media?parent=7765"}],"wp:term":[{"taxonomy":"category","embeddable":true,"href":"https:\/\/elmundodelapolitica.com\/v1\/wp-json\/wp\/v2\/categories?post=7765"},{"taxonomy":"post_tag","embeddable":true,"href":"https:\/\/elmundodelapolitica.com\/v1\/wp-json\/wp\/v2\/tags?post=7765"}],"curies":[{"name":"wp","href":"https:\/\/api.w.org\/{rel}","templated":true}]}}