{"id":7760,"date":"2026-02-28T03:03:08","date_gmt":"2026-02-28T07:03:08","guid":{"rendered":"https:\/\/elmundodelapolitica.com\/v1\/pld-acusa-a-abinader-de-perder-el-rumbo-del-pais-y-le-exige-respuestas-concretas\/"},"modified":"2026-02-28T03:03:08","modified_gmt":"2026-02-28T07:03:08","slug":"pld-acusa-a-abinader-de-perder-el-rumbo-del-pais-y-le-exige-respuestas-concretas","status":"publish","type":"post","link":"https:\/\/elmundodelapolitica.com\/v1\/pld-acusa-a-abinader-de-perder-el-rumbo-del-pais-y-le-exige-respuestas-concretas\/","title":{"rendered":"PLD acusa a Abinader de perder el rumbo del pa\u00eds y le exige respuestas concretas"},"content":{"rendered":"<div>SANTO DOMINGO. \u2013 El Partido de la Liberaci\u00f3n Dominicana (PLD) manifest\u00f3 que el pueblo dominicano necesita respuestas precisas, verificables y responsables sobre los principales problemas que afectaron a la naci\u00f3n durante el a\u00f1o 2025. En el marco de la rendici\u00f3n de cuentas ante el Congreso Nacional este 27 de febrero, la organizaci\u00f3n pol\u00edtica advirti\u00f3 que [\u2026]<\/div>\n","protected":false},"excerpt":{"rendered":"<p>SANTO DOMINGO. \u2013 El Partido de la Liberaci\u00f3n Dominicana (PLD) manifest\u00f3 que el pueblo dominicano necesita respuestas precisas, verificables y responsables sobre los principales problemas que afectaron a la naci\u00f3n&hellip; <\/p>\n","protected":false},"author":1,"featured_media":0,"comment_status":"closed","ping_status":"closed","sticky":false,"template":"","format":"standard","meta":{"fifu_image_url":"","fifu_image_alt":"","footnotes":""},"categories":[17],"tags":[],"class_list":["post-7760","post","type-post","status-publish","format-standard","hentry","category-politica"],"_links":{"self":[{"href":"https:\/\/elmundodelapolitica.com\/v1\/wp-json\/wp\/v2\/posts\/7760","targetHints":{"allow":["GET"]}}],"collection":[{"href":"https:\/\/elmundodelapolitica.com\/v1\/wp-json\/wp\/v2\/posts"}],"about":[{"href":"https:\/\/elmundodelapolitica.com\/v1\/wp-json\/wp\/v2\/types\/post"}],"author":[{"embeddable":true,"href":"https:\/\/elmundodelapolitica.com\/v1\/wp-json\/wp\/v2\/users\/1"}],"replies":[{"embeddable":true,"href":"https:\/\/elmundodelapolitica.com\/v1\/wp-json\/wp\/v2\/comments?post=7760"}],"version-history":[{"count":0,"href":"https:\/\/elmundodelapolitica.com\/v1\/wp-json\/wp\/v2\/posts\/7760\/revisions"}],"wp:attachment":[{"href":"https:\/\/elmundodelapolitica.com\/v1\/wp-json\/wp\/v2\/media?parent=7760"}],"wp:term":[{"taxonomy":"category","embeddable":true,"href":"https:\/\/elmundodelapolitica.com\/v1\/wp-json\/wp\/v2\/categories?post=7760"},{"taxonomy":"post_tag","embeddable":true,"href":"https:\/\/elmundodelapolitica.com\/v1\/wp-json\/wp\/v2\/tags?post=7760"}],"curies":[{"name":"wp","href":"https:\/\/api.w.org\/{rel}","templated":true}]}}