{"id":7759,"date":"2026-02-28T03:03:08","date_gmt":"2026-02-28T07:03:08","guid":{"rendered":"https:\/\/elmundodelapolitica.com\/v1\/hipolito-mejia-resalta-avances-y-vision-de-futuro-en-la-rendicion-de-cuentas-del-presidente-luis-abinader\/"},"modified":"2026-02-28T03:03:08","modified_gmt":"2026-02-28T07:03:08","slug":"hipolito-mejia-resalta-avances-y-vision-de-futuro-en-la-rendicion-de-cuentas-del-presidente-luis-abinader","status":"publish","type":"post","link":"https:\/\/elmundodelapolitica.com\/v1\/hipolito-mejia-resalta-avances-y-vision-de-futuro-en-la-rendicion-de-cuentas-del-presidente-luis-abinader\/","title":{"rendered":"Hip\u00f3lito Mej\u00eda resalta avances y visi\u00f3n de futuro en la rendici\u00f3n de cuentas del presidente Luis Abinader"},"content":{"rendered":"<div>SANTO DOMINGO, RD.\u00a0\u2013 El expresidente de la Rep\u00fablica, Hip\u00f3lito Mej\u00eda, valor\u00f3 positivamente el discurso de rendici\u00f3n de cuentas pronunciado por el presidente Luis Abinader ante la Asamblea Nacional, con motivo del 182.\u00ba aniversario de la Independencia Nacional. Tras asistir al acto oficial, Mej\u00eda felicit\u00f3 al mandatario por su gesti\u00f3n y destac\u00f3 los indicadores presentados, subrayando [\u2026]<\/div>\n","protected":false},"excerpt":{"rendered":"<p>SANTO DOMINGO, RD.\u00a0\u2013 El expresidente de la Rep\u00fablica, Hip\u00f3lito Mej\u00eda, valor\u00f3 positivamente el discurso de rendici\u00f3n de cuentas pronunciado por el presidente Luis Abinader ante la Asamblea Nacional, con motivo&hellip; <\/p>\n","protected":false},"author":1,"featured_media":0,"comment_status":"closed","ping_status":"closed","sticky":false,"template":"","format":"standard","meta":{"fifu_image_url":"","fifu_image_alt":"","footnotes":""},"categories":[17],"tags":[],"class_list":["post-7759","post","type-post","status-publish","format-standard","hentry","category-politica"],"_links":{"self":[{"href":"https:\/\/elmundodelapolitica.com\/v1\/wp-json\/wp\/v2\/posts\/7759","targetHints":{"allow":["GET"]}}],"collection":[{"href":"https:\/\/elmundodelapolitica.com\/v1\/wp-json\/wp\/v2\/posts"}],"about":[{"href":"https:\/\/elmundodelapolitica.com\/v1\/wp-json\/wp\/v2\/types\/post"}],"author":[{"embeddable":true,"href":"https:\/\/elmundodelapolitica.com\/v1\/wp-json\/wp\/v2\/users\/1"}],"replies":[{"embeddable":true,"href":"https:\/\/elmundodelapolitica.com\/v1\/wp-json\/wp\/v2\/comments?post=7759"}],"version-history":[{"count":0,"href":"https:\/\/elmundodelapolitica.com\/v1\/wp-json\/wp\/v2\/posts\/7759\/revisions"}],"wp:attachment":[{"href":"https:\/\/elmundodelapolitica.com\/v1\/wp-json\/wp\/v2\/media?parent=7759"}],"wp:term":[{"taxonomy":"category","embeddable":true,"href":"https:\/\/elmundodelapolitica.com\/v1\/wp-json\/wp\/v2\/categories?post=7759"},{"taxonomy":"post_tag","embeddable":true,"href":"https:\/\/elmundodelapolitica.com\/v1\/wp-json\/wp\/v2\/tags?post=7759"}],"curies":[{"name":"wp","href":"https:\/\/api.w.org\/{rel}","templated":true}]}}