{"id":7758,"date":"2026-02-28T03:03:08","date_gmt":"2026-02-28T07:03:08","guid":{"rendered":"https:\/\/elmundodelapolitica.com\/v1\/pld-anunciara-su-reaccion-al-discurso-presidencial-este-viernes\/"},"modified":"2026-02-28T03:03:08","modified_gmt":"2026-02-28T07:03:08","slug":"pld-anunciara-su-reaccion-al-discurso-presidencial-este-viernes","status":"publish","type":"post","link":"https:\/\/elmundodelapolitica.com\/v1\/pld-anunciara-su-reaccion-al-discurso-presidencial-este-viernes\/","title":{"rendered":"PLD anunciar\u00e1 su reacci\u00f3n al discurso presidencial este viernes"},"content":{"rendered":"<div>Santo Domingo.\u2013 El Partido de la Liberaci\u00f3n Dominicana (PLD) inform\u00f3 que dar\u00e1 a conocer su posici\u00f3n oficial sobre el discurso de rendici\u00f3n de cuentas del presidente Luis Abinader este viernes 27 de febrero, a las 3:00 de la tarde, en la Casa Nacional Reinaldo Pared P\u00e9rez.\u00a0 La organizaci\u00f3n pol\u00edtica convoc\u00f3 a la prensa para fijar [\u2026]<\/div>\n","protected":false},"excerpt":{"rendered":"<p>Santo Domingo.\u2013 El Partido de la Liberaci\u00f3n Dominicana (PLD) inform\u00f3 que dar\u00e1 a conocer su posici\u00f3n oficial sobre el discurso de rendici\u00f3n de cuentas del presidente Luis Abinader este viernes&hellip; <\/p>\n","protected":false},"author":1,"featured_media":0,"comment_status":"closed","ping_status":"closed","sticky":false,"template":"","format":"standard","meta":{"fifu_image_url":"","fifu_image_alt":"","footnotes":""},"categories":[17],"tags":[],"class_list":["post-7758","post","type-post","status-publish","format-standard","hentry","category-politica"],"_links":{"self":[{"href":"https:\/\/elmundodelapolitica.com\/v1\/wp-json\/wp\/v2\/posts\/7758","targetHints":{"allow":["GET"]}}],"collection":[{"href":"https:\/\/elmundodelapolitica.com\/v1\/wp-json\/wp\/v2\/posts"}],"about":[{"href":"https:\/\/elmundodelapolitica.com\/v1\/wp-json\/wp\/v2\/types\/post"}],"author":[{"embeddable":true,"href":"https:\/\/elmundodelapolitica.com\/v1\/wp-json\/wp\/v2\/users\/1"}],"replies":[{"embeddable":true,"href":"https:\/\/elmundodelapolitica.com\/v1\/wp-json\/wp\/v2\/comments?post=7758"}],"version-history":[{"count":0,"href":"https:\/\/elmundodelapolitica.com\/v1\/wp-json\/wp\/v2\/posts\/7758\/revisions"}],"wp:attachment":[{"href":"https:\/\/elmundodelapolitica.com\/v1\/wp-json\/wp\/v2\/media?parent=7758"}],"wp:term":[{"taxonomy":"category","embeddable":true,"href":"https:\/\/elmundodelapolitica.com\/v1\/wp-json\/wp\/v2\/categories?post=7758"},{"taxonomy":"post_tag","embeddable":true,"href":"https:\/\/elmundodelapolitica.com\/v1\/wp-json\/wp\/v2\/tags?post=7758"}],"curies":[{"name":"wp","href":"https:\/\/api.w.org\/{rel}","templated":true}]}}