{"id":7757,"date":"2026-02-28T03:03:07","date_gmt":"2026-02-28T07:03:07","guid":{"rendered":"https:\/\/elmundodelapolitica.com\/v1\/leonel-fernandez-cuestiona-discurso-presidencial-se-vuelve-rendicion-de-cuentos\/"},"modified":"2026-02-28T03:03:07","modified_gmt":"2026-02-28T07:03:07","slug":"leonel-fernandez-cuestiona-discurso-presidencial-se-vuelve-rendicion-de-cuentos","status":"publish","type":"post","link":"https:\/\/elmundodelapolitica.com\/v1\/leonel-fernandez-cuestiona-discurso-presidencial-se-vuelve-rendicion-de-cuentos\/","title":{"rendered":"Leonel Fern\u00e1ndez cuestiona discurso presidencial: \u201cSe vuelve rendici\u00f3n de cuentos\u201d"},"content":{"rendered":"<div>Santo Domingo.\u2013 El expresidente de la Rep\u00fablica, Leonel Fern\u00e1ndez, reaccion\u00f3 con dureza al discurso de rendici\u00f3n de cuentas pronunciado por el presidente Luis Abinader ante la Asamblea Nacional, calific\u00e1ndolo como una narrativa desconectada de la realidad que vive el pueblo dominicano.\u00a0 Fern\u00e1ndez sostuvo que el mensaje oficial, cargado de cifras y optimismo, no refleja las [\u2026]<\/div>\n","protected":false},"excerpt":{"rendered":"<p>Santo Domingo.\u2013 El expresidente de la Rep\u00fablica, Leonel Fern\u00e1ndez, reaccion\u00f3 con dureza al discurso de rendici\u00f3n de cuentas pronunciado por el presidente Luis Abinader ante la Asamblea Nacional, calific\u00e1ndolo como&hellip; <\/p>\n","protected":false},"author":1,"featured_media":0,"comment_status":"closed","ping_status":"closed","sticky":false,"template":"","format":"standard","meta":{"fifu_image_url":"","fifu_image_alt":"","footnotes":""},"categories":[17],"tags":[],"class_list":["post-7757","post","type-post","status-publish","format-standard","hentry","category-politica"],"_links":{"self":[{"href":"https:\/\/elmundodelapolitica.com\/v1\/wp-json\/wp\/v2\/posts\/7757","targetHints":{"allow":["GET"]}}],"collection":[{"href":"https:\/\/elmundodelapolitica.com\/v1\/wp-json\/wp\/v2\/posts"}],"about":[{"href":"https:\/\/elmundodelapolitica.com\/v1\/wp-json\/wp\/v2\/types\/post"}],"author":[{"embeddable":true,"href":"https:\/\/elmundodelapolitica.com\/v1\/wp-json\/wp\/v2\/users\/1"}],"replies":[{"embeddable":true,"href":"https:\/\/elmundodelapolitica.com\/v1\/wp-json\/wp\/v2\/comments?post=7757"}],"version-history":[{"count":0,"href":"https:\/\/elmundodelapolitica.com\/v1\/wp-json\/wp\/v2\/posts\/7757\/revisions"}],"wp:attachment":[{"href":"https:\/\/elmundodelapolitica.com\/v1\/wp-json\/wp\/v2\/media?parent=7757"}],"wp:term":[{"taxonomy":"category","embeddable":true,"href":"https:\/\/elmundodelapolitica.com\/v1\/wp-json\/wp\/v2\/categories?post=7757"},{"taxonomy":"post_tag","embeddable":true,"href":"https:\/\/elmundodelapolitica.com\/v1\/wp-json\/wp\/v2\/tags?post=7757"}],"curies":[{"name":"wp","href":"https:\/\/api.w.org\/{rel}","templated":true}]}}