{"id":7756,"date":"2026-02-28T03:03:07","date_gmt":"2026-02-28T07:03:07","guid":{"rendered":"https:\/\/elmundodelapolitica.com\/v1\/abel-martinez-sobre-discurso-de-abinader-rd-no-necesita-mas-versos-necesita-resultados-tangibles\/"},"modified":"2026-02-28T03:03:07","modified_gmt":"2026-02-28T07:03:07","slug":"abel-martinez-sobre-discurso-de-abinader-rd-no-necesita-mas-versos-necesita-resultados-tangibles","status":"publish","type":"post","link":"https:\/\/elmundodelapolitica.com\/v1\/abel-martinez-sobre-discurso-de-abinader-rd-no-necesita-mas-versos-necesita-resultados-tangibles\/","title":{"rendered":"Abel Mart\u00ednez sobre discurso de Abinader: \u201cRD no necesita m\u00e1s versos; necesita resultados tangibles\u201d"},"content":{"rendered":"<div>El dirigente pol\u00edtico Abel Mart\u00ednez lanz\u00f3 una fuerte cr\u00edtica tras la reciente alocuci\u00f3n del presidente Luis Abinader, advirtiendo que el pa\u00eds ha llegado a un punto donde la ret\u00f3rica debe dar paso a la acci\u00f3n. Seg\u00fan Mart\u00ednez, la Rep\u00fablica Dominicana no necesita m\u00e1s versos; necesita resultados tangibles en la vida diaria de su gente. Mart\u00ednez [\u2026]<\/div>\n","protected":false},"excerpt":{"rendered":"<p>El dirigente pol\u00edtico Abel Mart\u00ednez lanz\u00f3 una fuerte cr\u00edtica tras la reciente alocuci\u00f3n del presidente Luis Abinader, advirtiendo que el pa\u00eds ha llegado a un punto donde la ret\u00f3rica debe&hellip; <\/p>\n","protected":false},"author":1,"featured_media":0,"comment_status":"closed","ping_status":"closed","sticky":false,"template":"","format":"standard","meta":{"fifu_image_url":"","fifu_image_alt":"","footnotes":""},"categories":[17],"tags":[],"class_list":["post-7756","post","type-post","status-publish","format-standard","hentry","category-politica"],"_links":{"self":[{"href":"https:\/\/elmundodelapolitica.com\/v1\/wp-json\/wp\/v2\/posts\/7756","targetHints":{"allow":["GET"]}}],"collection":[{"href":"https:\/\/elmundodelapolitica.com\/v1\/wp-json\/wp\/v2\/posts"}],"about":[{"href":"https:\/\/elmundodelapolitica.com\/v1\/wp-json\/wp\/v2\/types\/post"}],"author":[{"embeddable":true,"href":"https:\/\/elmundodelapolitica.com\/v1\/wp-json\/wp\/v2\/users\/1"}],"replies":[{"embeddable":true,"href":"https:\/\/elmundodelapolitica.com\/v1\/wp-json\/wp\/v2\/comments?post=7756"}],"version-history":[{"count":0,"href":"https:\/\/elmundodelapolitica.com\/v1\/wp-json\/wp\/v2\/posts\/7756\/revisions"}],"wp:attachment":[{"href":"https:\/\/elmundodelapolitica.com\/v1\/wp-json\/wp\/v2\/media?parent=7756"}],"wp:term":[{"taxonomy":"category","embeddable":true,"href":"https:\/\/elmundodelapolitica.com\/v1\/wp-json\/wp\/v2\/categories?post=7756"},{"taxonomy":"post_tag","embeddable":true,"href":"https:\/\/elmundodelapolitica.com\/v1\/wp-json\/wp\/v2\/tags?post=7756"}],"curies":[{"name":"wp","href":"https:\/\/api.w.org\/{rel}","templated":true}]}}