{"id":7743,"date":"2026-02-27T03:00:52","date_gmt":"2026-02-27T07:00:52","guid":{"rendered":"https:\/\/elmundodelapolitica.com\/v1\/juan-daniel-moises-el-toro-buscara-la-presidencia-municipal-del-prm-en-cotui-afirma-su-partido-esta-huerfano-de-autoridades\/"},"modified":"2026-02-27T03:00:52","modified_gmt":"2026-02-27T07:00:52","slug":"juan-daniel-moises-el-toro-buscara-la-presidencia-municipal-del-prm-en-cotui-afirma-su-partido-esta-huerfano-de-autoridades","status":"publish","type":"post","link":"https:\/\/elmundodelapolitica.com\/v1\/juan-daniel-moises-el-toro-buscara-la-presidencia-municipal-del-prm-en-cotui-afirma-su-partido-esta-huerfano-de-autoridades\/","title":{"rendered":"Juan Daniel Mois\u00e9s, \u201cEl Toro\u201d buscar\u00e1 la presidencia municipal del PRM en Cotu\u00ed; afirma su partido est\u00e1 hu\u00e9rfano de autoridades"},"content":{"rendered":"<div>Cotu\u00ed, RD.- Durante un encuentro masivo de dirigentes de la corriente perremeista \u201cEl Equipo\u201d Juan Daniel Mois\u00e9s conocido popularmente como \u201cEl Toro\u201d marc\u00f3 el inicio de su proselitismo en busca de convertirse en el nuevo presidente municipal del Partido Revolucionario Moderno en Cotu\u00ed. El reputado dirigente del PRM afirm\u00f3 que en la referida localidad su [\u2026]<\/div>\n","protected":false},"excerpt":{"rendered":"<p>Cotu\u00ed, RD.- Durante un encuentro masivo de dirigentes de la corriente perremeista \u201cEl Equipo\u201d Juan Daniel Mois\u00e9s conocido popularmente como \u201cEl Toro\u201d marc\u00f3 el inicio de su proselitismo en busca&hellip; <\/p>\n","protected":false},"author":1,"featured_media":0,"comment_status":"closed","ping_status":"closed","sticky":false,"template":"","format":"standard","meta":{"fifu_image_url":"","fifu_image_alt":"","footnotes":""},"categories":[17],"tags":[],"class_list":["post-7743","post","type-post","status-publish","format-standard","hentry","category-politica"],"_links":{"self":[{"href":"https:\/\/elmundodelapolitica.com\/v1\/wp-json\/wp\/v2\/posts\/7743","targetHints":{"allow":["GET"]}}],"collection":[{"href":"https:\/\/elmundodelapolitica.com\/v1\/wp-json\/wp\/v2\/posts"}],"about":[{"href":"https:\/\/elmundodelapolitica.com\/v1\/wp-json\/wp\/v2\/types\/post"}],"author":[{"embeddable":true,"href":"https:\/\/elmundodelapolitica.com\/v1\/wp-json\/wp\/v2\/users\/1"}],"replies":[{"embeddable":true,"href":"https:\/\/elmundodelapolitica.com\/v1\/wp-json\/wp\/v2\/comments?post=7743"}],"version-history":[{"count":0,"href":"https:\/\/elmundodelapolitica.com\/v1\/wp-json\/wp\/v2\/posts\/7743\/revisions"}],"wp:attachment":[{"href":"https:\/\/elmundodelapolitica.com\/v1\/wp-json\/wp\/v2\/media?parent=7743"}],"wp:term":[{"taxonomy":"category","embeddable":true,"href":"https:\/\/elmundodelapolitica.com\/v1\/wp-json\/wp\/v2\/categories?post=7743"},{"taxonomy":"post_tag","embeddable":true,"href":"https:\/\/elmundodelapolitica.com\/v1\/wp-json\/wp\/v2\/tags?post=7743"}],"curies":[{"name":"wp","href":"https:\/\/api.w.org\/{rel}","templated":true}]}}