{"id":7742,"date":"2026-02-27T03:00:52","date_gmt":"2026-02-27T07:00:52","guid":{"rendered":"https:\/\/elmundodelapolitica.com\/v1\/senado-define-protocolo-de-vestimenta-para-la-rendicion-de-cuentas-del-27-de-febrero\/"},"modified":"2026-02-27T03:00:52","modified_gmt":"2026-02-27T07:00:52","slug":"senado-define-protocolo-de-vestimenta-para-la-rendicion-de-cuentas-del-27-de-febrero","status":"publish","type":"post","link":"https:\/\/elmundodelapolitica.com\/v1\/senado-define-protocolo-de-vestimenta-para-la-rendicion-de-cuentas-del-27-de-febrero\/","title":{"rendered":"Senado define protocolo de vestimenta para la rendici\u00f3n de cuentas del 27 de febrero"},"content":{"rendered":"<div>El Senado de la Rep\u00fablica dio a conocer el protocolo de vestimenta que regir\u00e1 durante el acto de Rendici\u00f3n de Cuentas del presidente de la Rep\u00fablica, a celebrarse este viernes 27 de febrero en el Sal\u00f3n de la Asamblea Nacional, en el marco del 182 aniversario de la Independencia Nacional.<\/div>\n","protected":false},"excerpt":{"rendered":"<p>El Senado de la Rep\u00fablica dio a conocer el protocolo de vestimenta que regir\u00e1 durante el acto de Rendici\u00f3n de Cuentas del presidente de la Rep\u00fablica, a celebrarse este viernes&hellip; <\/p>\n","protected":false},"author":1,"featured_media":0,"comment_status":"closed","ping_status":"closed","sticky":false,"template":"","format":"standard","meta":{"fifu_image_url":"","fifu_image_alt":"","footnotes":""},"categories":[17],"tags":[],"class_list":["post-7742","post","type-post","status-publish","format-standard","hentry","category-politica"],"_links":{"self":[{"href":"https:\/\/elmundodelapolitica.com\/v1\/wp-json\/wp\/v2\/posts\/7742","targetHints":{"allow":["GET"]}}],"collection":[{"href":"https:\/\/elmundodelapolitica.com\/v1\/wp-json\/wp\/v2\/posts"}],"about":[{"href":"https:\/\/elmundodelapolitica.com\/v1\/wp-json\/wp\/v2\/types\/post"}],"author":[{"embeddable":true,"href":"https:\/\/elmundodelapolitica.com\/v1\/wp-json\/wp\/v2\/users\/1"}],"replies":[{"embeddable":true,"href":"https:\/\/elmundodelapolitica.com\/v1\/wp-json\/wp\/v2\/comments?post=7742"}],"version-history":[{"count":0,"href":"https:\/\/elmundodelapolitica.com\/v1\/wp-json\/wp\/v2\/posts\/7742\/revisions"}],"wp:attachment":[{"href":"https:\/\/elmundodelapolitica.com\/v1\/wp-json\/wp\/v2\/media?parent=7742"}],"wp:term":[{"taxonomy":"category","embeddable":true,"href":"https:\/\/elmundodelapolitica.com\/v1\/wp-json\/wp\/v2\/categories?post=7742"},{"taxonomy":"post_tag","embeddable":true,"href":"https:\/\/elmundodelapolitica.com\/v1\/wp-json\/wp\/v2\/tags?post=7742"}],"curies":[{"name":"wp","href":"https:\/\/api.w.org\/{rel}","templated":true}]}}