{"id":7737,"date":"2026-02-26T03:03:44","date_gmt":"2026-02-26T07:03:44","guid":{"rendered":"https:\/\/elmundodelapolitica.com\/v1\/jce-dio-apertura-al-cronograma-electoral-para-las-elecciones-del-2028\/"},"modified":"2026-02-26T03:03:44","modified_gmt":"2026-02-26T07:03:44","slug":"jce-dio-apertura-al-cronograma-electoral-para-las-elecciones-del-2028","status":"publish","type":"post","link":"https:\/\/elmundodelapolitica.com\/v1\/jce-dio-apertura-al-cronograma-electoral-para-las-elecciones-del-2028\/","title":{"rendered":"JCE dio apertura al cronograma electoral para las elecciones del 2028"},"content":{"rendered":"<div>La Junta Central Electoral (JCE) dio apertura a los trabajos para la organizaci\u00f3n de las elecciones del 2028 con la presentaci\u00f3n del cronograma electoral que contempla como uno de los aspectos esenciales el reto de la redistribuci\u00f3n de la representaci\u00f3n de provincias y por demarcaci\u00f3n, debido a la reducci\u00f3n que tuvieron los esca\u00f1os de diputados [\u2026]<\/div>\n","protected":false},"excerpt":{"rendered":"<p>La Junta Central Electoral (JCE) dio apertura a los trabajos para la organizaci\u00f3n de las elecciones del 2028 con la presentaci\u00f3n del cronograma electoral que contempla como uno de los&hellip; <\/p>\n","protected":false},"author":1,"featured_media":0,"comment_status":"closed","ping_status":"closed","sticky":false,"template":"","format":"standard","meta":{"fifu_image_url":"","fifu_image_alt":"","footnotes":""},"categories":[17],"tags":[],"class_list":["post-7737","post","type-post","status-publish","format-standard","hentry","category-politica"],"_links":{"self":[{"href":"https:\/\/elmundodelapolitica.com\/v1\/wp-json\/wp\/v2\/posts\/7737","targetHints":{"allow":["GET"]}}],"collection":[{"href":"https:\/\/elmundodelapolitica.com\/v1\/wp-json\/wp\/v2\/posts"}],"about":[{"href":"https:\/\/elmundodelapolitica.com\/v1\/wp-json\/wp\/v2\/types\/post"}],"author":[{"embeddable":true,"href":"https:\/\/elmundodelapolitica.com\/v1\/wp-json\/wp\/v2\/users\/1"}],"replies":[{"embeddable":true,"href":"https:\/\/elmundodelapolitica.com\/v1\/wp-json\/wp\/v2\/comments?post=7737"}],"version-history":[{"count":0,"href":"https:\/\/elmundodelapolitica.com\/v1\/wp-json\/wp\/v2\/posts\/7737\/revisions"}],"wp:attachment":[{"href":"https:\/\/elmundodelapolitica.com\/v1\/wp-json\/wp\/v2\/media?parent=7737"}],"wp:term":[{"taxonomy":"category","embeddable":true,"href":"https:\/\/elmundodelapolitica.com\/v1\/wp-json\/wp\/v2\/categories?post=7737"},{"taxonomy":"post_tag","embeddable":true,"href":"https:\/\/elmundodelapolitica.com\/v1\/wp-json\/wp\/v2\/tags?post=7737"}],"curies":[{"name":"wp","href":"https:\/\/api.w.org\/{rel}","templated":true}]}}