{"id":773,"date":"2022-10-14T07:09:59","date_gmt":"2022-10-14T11:09:59","guid":{"rendered":"https:\/\/elmundodelapolitica.com\/v1\/?p=773"},"modified":"2022-10-14T07:10:02","modified_gmt":"2022-10-14T11:10:02","slug":"presentan-estrategia-%e2%81%a0seguridad-nacional-gobierno-biden-harris","status":"publish","type":"post","link":"https:\/\/elmundodelapolitica.com\/v1\/presentan-estrategia-%e2%81%a0seguridad-nacional-gobierno-biden-harris\/","title":{"rendered":"Presentan Estrategia \u2060Seguridad Nacional gobierno Biden-Harris"},"content":{"rendered":"\n<p><strong>Washington, D.C.<\/strong>&nbsp;La Casa Blanca. 14 de octubre 2022.- La Estrategia de Seguridad Nacional del presidente Biden describe c\u00f3mo Estados Unidos se propone promover nuestros intereses fundamentales y contribuir a un mundo libre, abierto, pr\u00f3spero y seguro.&nbsp;Emplearemos todos los elementos de nuestro poder nacional con los que contamos para superar a nuestros competidores estrat\u00e9gicos, responder a los desaf\u00edos que tenemos en com\u00fan y definir las condiciones.<\/p>\n\n\n\n<p>La Estrategia se basa en nuestros intereses nacionales, a saber: proteger la seguridad del pueblo estadounidense, generar m\u00e1s oportunidades econ\u00f3micas y hacer realidad y defender los valores democr\u00e1ticos que son esenciales al estilo de vida estadounidense. En aras de dichos objetivos, nos proponemos hacer lo siguiente:<\/p>\n\n\n\n<ul class=\"wp-block-list\"><li><strong>Invertir<\/strong>&nbsp;en las fuentes subyacentes y las herramientas del poder y la influencia estadounidenses;<\/li><li><strong>Construir<\/strong>&nbsp;la coalici\u00f3n de naciones m\u00e1s s\u00f3lida posible para potenciar nuestra capacidad de influencia colectiva a efectos de configurar el entorno estrat\u00e9gico global y resolver desaf\u00edos en com\u00fan; y<\/li><li><strong>Modernizar&nbsp;<\/strong>y fortalecer a nuestras fuerzas militares con el fin de prepararlas para la era de la competencia estrat\u00e9gica.<\/li><\/ul>\n\n\n\n<p><strong><u>COOPERACI\u00d3N EN LA ERA DE LA COMPETENCIA<\/u><\/strong><br>En los primeros a\u00f1os de esta d\u00e9cada decisiva, se establecer\u00e1n las condiciones de la competencia geopol\u00edtica y, al mismo tiempo, se acotar\u00e1 la ventana de oportunidades para afrontar los desaf\u00edos compartidos. No podremos competir con \u00e9xito para configurar el orden internacional a menos que tengamos un plan proactivo para abordar los desaf\u00edos en com\u00fan, y para eso debemos reconocer el modo en que una mayor competencia afecta la cooperaci\u00f3n y actuar en consecuencia.<\/p>\n\n\n\n<p><strong>Competencia estrat\u00e9gica.&nbsp;<\/strong>El desaf\u00edo estrat\u00e9gico m\u00e1s apremiante que enfrentamos en el objetivo de lograr un mundo libre, abierto, pr\u00f3spero y seguro, son los poderes que combinan la gesti\u00f3n autoritaria con una pol\u00edtica exterior revisionista.<\/p>\n\n\n\n<ul class=\"wp-block-list\"><li>Nos proponemos competir de manera eficaz con la Rep\u00fablica Popular China, que representa el \u00fanico competidor que tiene la intenci\u00f3n y, cada vez m\u00e1s, la capacidad de redefinir el orden internacional, y al mismo tiempo contener a una Rusia peligrosa.<\/li><li>La competencia estrat\u00e9gica es global, pero no sucumbiremos a la tentaci\u00f3n de ver al mundo \u00fanicamente desde una \u00f3ptica competitiva, y nos proponemos interactuar con los pa\u00edses en sus propios t\u00e9rminos.<\/li><\/ul>\n\n\n\n<p><strong>Desaf\u00edos compartidos<\/strong>. Si bien esta competencia ya existe, en todo el mundo las personas enfrentan dificultades para lidiar con los efectos de desaf\u00edos compartidos que trascienden las fronteras de los pa\u00edses, como el cambio clim\u00e1tico, la inseguridad alimentaria, las enfermedades transmisibles o la inflaci\u00f3n. Estos retos compartidos no son cuestiones marginales que resulten secundarias a la geopol\u00edtica. Son absolutamente centrales a nuestra seguridad nacional e internacional y deben ser tratados como tales.<\/p>\n\n\n\n<ul class=\"wp-block-list\"><li>Estamos conformando la coalici\u00f3n m\u00e1s fuerte y extensa de naciones con el objeto de reforzar nuestra capacidad colectiva para superar estos desaf\u00edos y responder a las necesidades del pueblo estadounidense y de los dem\u00e1s pueblos del mundo.<\/li><li>Con el fin de incrementar la cooperaci\u00f3n internacional en una \u00e9poca de competencia, adoptaremos un enfoque dual. Por un lado, trabajaremos con todos los pa\u00edses, incluidos nuestros competidores, que est\u00e9n dispuestos a abordar de manera constructiva las dificultades compartidas dentro del orden internacional basado en normas y, al mismo tiempo, trabajaremos para fortalecer a las instituciones internacionales. Paralelamente a esto, vamos a profundizar la cooperaci\u00f3n con las democracias que son centrales a nuestra coalici\u00f3n, y formaremos un entramado de relaciones fuertes, resilientes y mutuamente provechosas para demostrar que las democracias pueden responder a las necesidades de sus pueblos y del mundo.<\/li><\/ul>\n\n\n\n<p><strong><u>INVERTIR EN EL PA\u00cdS<\/u><\/strong><br>El gobierno Biden-Harris ha desarticulado la l\u00ednea divisoria entre pol\u00edtica interior y exterior debido a que la fortaleza dentro de nuestro pa\u00eds y en el extranjero est\u00e1n inescindiblemente ligadas. Las dificultades de nuestra \u00e9poca, que van desde la competencia estrat\u00e9gica hasta el cambio clim\u00e1tico, nos exigen hacer inversiones que perfeccionen nuestra ventaja competitiva y consoliden nuestra resiliencia.<\/p>\n\n\n\n<ul class=\"wp-block-list\"><li>Nuestra democracia es un aspecto central de qui\u00e9nes somos e implica un proceso en constante desarrollo. Nuestro sistema de gobierno consagra el Estado de derecho y propugna que se protejan la igualdad y la dignidad de todas las personas. Al tiempo que nos esmeramos por estar a la altura de nuestros ideales, aceptar nuestras falencias y remediarlas, esperamos servir de inspiraci\u00f3n para que otros en el mundo hagan lo mismo.<\/li><li>Estamos complementando el potencial innovador del sector privado con una estrategia industrial moderna que efect\u00faa inversiones p\u00fablicas estrat\u00e9gicas en nuestra fuerza laboral, sectores estrat\u00e9gicos y cadenas de suministro, particularmente en las tecnolog\u00edas cr\u00edticas y emergentes.<\/li><li>Un sector militar estadounidense poderoso contribuye a promover y preservar los intereses nacionales de EE. UU., apoyando la diplomacia, haciendo frente a las agresiones, disuadiendo los conflictos, proyectando fortaleza y protegiendo al pueblo estadounidense y sus intereses econ\u00f3micos. Estamos modernizando nuestras fuerzas militares, promoviendo tecnolog\u00edas avanzadas e invirtiendo en nuestro personal de defensa para que Estados Unidos est\u00e9 en mejores en condiciones de defender nuestra patria, nuestros aliados, socios e intereses en el extranjero, as\u00ed como nuestros valores en el mundo.<\/li><\/ul>\n\n\n\n<p><strong><u>NUESTRO LIDERAZGO PERMANENTE<\/u><\/strong><br>Estados Unidos mantendr\u00e1 su rol de liderazgo con determinaci\u00f3n y fortaleza, potenciando nuestras ventajas nacionales y el poder de nuestras alianzas y asociaciones. Tenemos vasta experiencia transformando los desaf\u00edos en el pa\u00eds y el extranjero en oportunidades de promover reformas y renovaciones en nuestra naci\u00f3n. La idea de que debemos competir con grandes potencias autocr\u00e1ticas para configurar el orden internacional goza de amplio apoyo bipartidista en el pa\u00eds y cada vez se afianza m\u00e1s en el extranjero.<\/p>\n\n\n\n<ul class=\"wp-block-list\"><li>Nuestras alianzas y asociaciones en todo el mundo son nuestro activo estrat\u00e9gico m\u00e1s importante, que nos proponemos afianzar y modernizar en beneficio de nuestra seguridad nacional.<\/li><li>Consideramos prioritaria la extensi\u00f3n del tejido conectivo con respecto a tecnolog\u00eda y seguridad entre nuestros aliados y socios democr\u00e1ticos en el Indo Pac\u00edfico y Europa, dado que reconocemos que generan beneficios rec\u00edprocos y que los destinos de las dos regiones est\u00e1n entrelazados.<\/li><li>Estamos estableciendo nuevas disposiciones para profundizar las relaciones econ\u00f3micas con nuestros socios y estamos configurando las reglas para generar condiciones m\u00e1s equitativas y posibilitar que prosperen las empresas y los trabajadores de Estados Unidos, as\u00ed como los de nuestros aliados y socios en el mundo.<\/li><li>Al afianzar nuestras asociaciones en todo el mundo, apostamos a que el futuro se configure con m\u00e1s democracia, y no menos. Sabemos que la autocracia es fundamentalmente fr\u00e1gil, mientras que la capacidad intr\u00ednseca de la democracia de corregir el rumbo de manera transparente favorece la resiliencia y el progreso.<\/li><\/ul>\n\n\n\n<p><strong><u>INTERACCI\u00d3N PROACTIVA<\/u><\/strong><br>Estados Unidos es una potencia mundial con intereses globales y somos m\u00e1s fuertes en cada regi\u00f3n como resultado de nuestra interacci\u00f3n con otros. Estamos impulsando una agenda proactiva para favorecer la paz y la seguridad y para promover la prosperidad en todas las regiones.<\/p>\n\n\n\n<ul class=\"wp-block-list\"><li>Como potencia del Indo Pac\u00edfico, Estados Unidos tiene un inter\u00e9s fundamental en lograr que la regi\u00f3n tenga apertura, interconexi\u00f3n, prosperidad, seguridad y resiliencia. Nos planteamos metas ambiciosas porque sabemos que nosotros y nuestros aliados y socios tenemos una visi\u00f3n com\u00fan para el futuro de la regi\u00f3n.<\/li><li>Con una relaci\u00f3n afianzada en valores democr\u00e1ticos compartidos, intereses en com\u00fan y lazos hist\u00f3ricos, el v\u00ednculo transatl\u00e1ntico es una plataforma vital sobre la cual se erigen muchos otros elementos de nuestra pol\u00edtica exterior. Con el prop\u00f3sito de impulsar con eficacia una agenda global en com\u00fan, estamos ampliando y profundizando el nexo transatl\u00e1ntico.<\/li><li>El impacto directo que el hemisferio occidental tiene en Estados Unidos es mayor al que ejerce cualquier otra regi\u00f3n y, por tal motivo, insistiremos en reanudar y profundizar esas alianzas para impulsar la resiliencia econ\u00f3mica, la estabilidad democr\u00e1tica y la seguridad ciudadana.<\/li><li>Una mayor integraci\u00f3n en Medio Oriente que empodere a nuestros aliados y socios promover\u00e1 la paz y la prosperidad regionales y, al mismo tiempo, disminuir\u00e1 la demanda de recursos que la regi\u00f3n plantea a Estados Unidos en el largo plazo.<\/li><li>El dinamismo, la innovaci\u00f3n y el crecimiento demogr\u00e1fico de \u00c1frica hacen que la regi\u00f3n ocupe un lugar central en la respuesta a problemas globales complejos.<\/li><\/ul>\n","protected":false},"excerpt":{"rendered":"<p>Washington, D.C.&nbsp;La Casa Blanca. 14 de octubre 2022.- La Estrategia de Seguridad Nacional del presidente Biden describe c\u00f3mo Estados Unidos se propone promover nuestros intereses fundamentales y contribuir a un&hellip; <\/p>\n","protected":false},"author":2,"featured_media":774,"comment_status":"open","ping_status":"open","sticky":false,"template":"","format":"standard","meta":{"fifu_image_url":"","fifu_image_alt":"","footnotes":""},"categories":[16],"tags":[],"class_list":["post-773","post","type-post","status-publish","format-standard","has-post-thumbnail","hentry","category-seguridad"],"_links":{"self":[{"href":"https:\/\/elmundodelapolitica.com\/v1\/wp-json\/wp\/v2\/posts\/773","targetHints":{"allow":["GET"]}}],"collection":[{"href":"https:\/\/elmundodelapolitica.com\/v1\/wp-json\/wp\/v2\/posts"}],"about":[{"href":"https:\/\/elmundodelapolitica.com\/v1\/wp-json\/wp\/v2\/types\/post"}],"author":[{"embeddable":true,"href":"https:\/\/elmundodelapolitica.com\/v1\/wp-json\/wp\/v2\/users\/2"}],"replies":[{"embeddable":true,"href":"https:\/\/elmundodelapolitica.com\/v1\/wp-json\/wp\/v2\/comments?post=773"}],"version-history":[{"count":1,"href":"https:\/\/elmundodelapolitica.com\/v1\/wp-json\/wp\/v2\/posts\/773\/revisions"}],"predecessor-version":[{"id":775,"href":"https:\/\/elmundodelapolitica.com\/v1\/wp-json\/wp\/v2\/posts\/773\/revisions\/775"}],"wp:featuredmedia":[{"embeddable":true,"href":"https:\/\/elmundodelapolitica.com\/v1\/wp-json\/wp\/v2\/media\/774"}],"wp:attachment":[{"href":"https:\/\/elmundodelapolitica.com\/v1\/wp-json\/wp\/v2\/media?parent=773"}],"wp:term":[{"taxonomy":"category","embeddable":true,"href":"https:\/\/elmundodelapolitica.com\/v1\/wp-json\/wp\/v2\/categories?post=773"},{"taxonomy":"post_tag","embeddable":true,"href":"https:\/\/elmundodelapolitica.com\/v1\/wp-json\/wp\/v2\/tags?post=773"}],"curies":[{"name":"wp","href":"https:\/\/api.w.org\/{rel}","templated":true}]}}