{"id":7728,"date":"2026-02-24T03:03:17","date_gmt":"2026-02-24T07:03:17","guid":{"rendered":"https:\/\/elmundodelapolitica.com\/v1\/salvador-holguin-afirma-que-luis-abinader-e-hipolito-mejia-tienen-las-riendas-del-destino-electoral-del-prm-para-el-2028\/"},"modified":"2026-02-24T03:03:17","modified_gmt":"2026-02-24T07:03:17","slug":"salvador-holguin-afirma-que-luis-abinader-e-hipolito-mejia-tienen-las-riendas-del-destino-electoral-del-prm-para-el-2028","status":"publish","type":"post","link":"https:\/\/elmundodelapolitica.com\/v1\/salvador-holguin-afirma-que-luis-abinader-e-hipolito-mejia-tienen-las-riendas-del-destino-electoral-del-prm-para-el-2028\/","title":{"rendered":"Salvador Holgu\u00edn afirma que Luis Abinader e Hip\u00f3lito Mej\u00eda tienen las riendas del destino electoral del PRM para el 2028"},"content":{"rendered":"<div>SANTO DOMINGO \u2013 El comunicador Salvador Holgu\u00edn asegur\u00f3 de manera tajante que el destino electoral del Partido Revolucionario Moderno (PRM) hacia el 2028 est\u00e1 bajo las riendas del presidente Luis Abinader y el expresidente Hip\u00f3lito Mej\u00eda, afirmando que el candidato ser\u00e1 quien el mandatario actual \u00abse\u00f1ale con el dedo\u00bb. Durante su participaci\u00f3n en el podcast [\u2026]<\/div>\n","protected":false},"excerpt":{"rendered":"<p>SANTO DOMINGO \u2013 El comunicador Salvador Holgu\u00edn asegur\u00f3 de manera tajante que el destino electoral del Partido Revolucionario Moderno (PRM) hacia el 2028 est\u00e1 bajo las riendas del presidente Luis&hellip; <\/p>\n","protected":false},"author":1,"featured_media":0,"comment_status":"closed","ping_status":"closed","sticky":false,"template":"","format":"standard","meta":{"fifu_image_url":"","fifu_image_alt":"","footnotes":""},"categories":[17],"tags":[],"class_list":["post-7728","post","type-post","status-publish","format-standard","hentry","category-politica"],"_links":{"self":[{"href":"https:\/\/elmundodelapolitica.com\/v1\/wp-json\/wp\/v2\/posts\/7728","targetHints":{"allow":["GET"]}}],"collection":[{"href":"https:\/\/elmundodelapolitica.com\/v1\/wp-json\/wp\/v2\/posts"}],"about":[{"href":"https:\/\/elmundodelapolitica.com\/v1\/wp-json\/wp\/v2\/types\/post"}],"author":[{"embeddable":true,"href":"https:\/\/elmundodelapolitica.com\/v1\/wp-json\/wp\/v2\/users\/1"}],"replies":[{"embeddable":true,"href":"https:\/\/elmundodelapolitica.com\/v1\/wp-json\/wp\/v2\/comments?post=7728"}],"version-history":[{"count":0,"href":"https:\/\/elmundodelapolitica.com\/v1\/wp-json\/wp\/v2\/posts\/7728\/revisions"}],"wp:attachment":[{"href":"https:\/\/elmundodelapolitica.com\/v1\/wp-json\/wp\/v2\/media?parent=7728"}],"wp:term":[{"taxonomy":"category","embeddable":true,"href":"https:\/\/elmundodelapolitica.com\/v1\/wp-json\/wp\/v2\/categories?post=7728"},{"taxonomy":"post_tag","embeddable":true,"href":"https:\/\/elmundodelapolitica.com\/v1\/wp-json\/wp\/v2\/tags?post=7728"}],"curies":[{"name":"wp","href":"https:\/\/api.w.org\/{rel}","templated":true}]}}