{"id":7727,"date":"2026-02-24T03:03:17","date_gmt":"2026-02-24T07:03:17","guid":{"rendered":"https:\/\/elmundodelapolitica.com\/v1\/caida-del-60-de-generacion-energetica-es-senal-del-deterioro-estructural-del-sistema-dice-frente-amplio\/"},"modified":"2026-02-24T03:03:17","modified_gmt":"2026-02-24T07:03:17","slug":"caida-del-60-de-generacion-energetica-es-senal-del-deterioro-estructural-del-sistema-dice-frente-amplio","status":"publish","type":"post","link":"https:\/\/elmundodelapolitica.com\/v1\/caida-del-60-de-generacion-energetica-es-senal-del-deterioro-estructural-del-sistema-dice-frente-amplio\/","title":{"rendered":"Ca\u00edda del 60% de generaci\u00f3n energ\u00e9tica es se\u00f1al del deterioro estructural del sistema, dice Frente Amplio"},"content":{"rendered":"<div>Santo Domingo.- El Frente Amplio conden\u00f3 el nuevo evento de interrupci\u00f3n masiva del servicio el\u00e9ctrico registrado este lunes y afirm\u00f3 que este evento vuelve a dejar al descubierto la vulnerabilidad del Sistema El\u00e9ctrico Nacional Interconectado (SENI). La organizaci\u00f3n pol\u00edtica afirm\u00f3 que la ca\u00edda de m\u00e1s de un 60 % de la generaci\u00f3n energ\u00e9tica, que provoc\u00f3 [\u2026]<\/div>\n","protected":false},"excerpt":{"rendered":"<p>Santo Domingo.- El Frente Amplio conden\u00f3 el nuevo evento de interrupci\u00f3n masiva del servicio el\u00e9ctrico registrado este lunes y afirm\u00f3 que este evento vuelve a dejar al descubierto la vulnerabilidad&hellip; <\/p>\n","protected":false},"author":1,"featured_media":0,"comment_status":"closed","ping_status":"closed","sticky":false,"template":"","format":"standard","meta":{"fifu_image_url":"","fifu_image_alt":"","footnotes":""},"categories":[17],"tags":[],"class_list":["post-7727","post","type-post","status-publish","format-standard","hentry","category-politica"],"_links":{"self":[{"href":"https:\/\/elmundodelapolitica.com\/v1\/wp-json\/wp\/v2\/posts\/7727","targetHints":{"allow":["GET"]}}],"collection":[{"href":"https:\/\/elmundodelapolitica.com\/v1\/wp-json\/wp\/v2\/posts"}],"about":[{"href":"https:\/\/elmundodelapolitica.com\/v1\/wp-json\/wp\/v2\/types\/post"}],"author":[{"embeddable":true,"href":"https:\/\/elmundodelapolitica.com\/v1\/wp-json\/wp\/v2\/users\/1"}],"replies":[{"embeddable":true,"href":"https:\/\/elmundodelapolitica.com\/v1\/wp-json\/wp\/v2\/comments?post=7727"}],"version-history":[{"count":0,"href":"https:\/\/elmundodelapolitica.com\/v1\/wp-json\/wp\/v2\/posts\/7727\/revisions"}],"wp:attachment":[{"href":"https:\/\/elmundodelapolitica.com\/v1\/wp-json\/wp\/v2\/media?parent=7727"}],"wp:term":[{"taxonomy":"category","embeddable":true,"href":"https:\/\/elmundodelapolitica.com\/v1\/wp-json\/wp\/v2\/categories?post=7727"},{"taxonomy":"post_tag","embeddable":true,"href":"https:\/\/elmundodelapolitica.com\/v1\/wp-json\/wp\/v2\/tags?post=7727"}],"curies":[{"name":"wp","href":"https:\/\/api.w.org\/{rel}","templated":true}]}}