{"id":7716,"date":"2026-02-23T03:00:45","date_gmt":"2026-02-23T07:00:45","guid":{"rendered":"https:\/\/elmundodelapolitica.com\/v1\/gonzalo-castillo-se-inscribe-como-aspirante-presidencial-del-pld-para-2028\/"},"modified":"2026-02-23T03:00:45","modified_gmt":"2026-02-23T07:00:45","slug":"gonzalo-castillo-se-inscribe-como-aspirante-presidencial-del-pld-para-2028","status":"publish","type":"post","link":"https:\/\/elmundodelapolitica.com\/v1\/gonzalo-castillo-se-inscribe-como-aspirante-presidencial-del-pld-para-2028\/","title":{"rendered":"Gonzalo Castillo se inscribe como aspirante presidencial del PLD para 2028"},"content":{"rendered":"<div>SANTO DOMINGO.\u2013 El Comit\u00e9 Central del Partido de la Liberaci\u00f3n Dominicana (PLD) valid\u00f3 este domingo la inscripci\u00f3n de\u00a0Gonzalo Castillo\u00a0como aspirante a la presidencia de la Rep\u00fablica para el certamen electoral de 2028. La propuesta fue aprobada por aclamaci\u00f3n durante una asamblea realizada en el Club San Carlos, que cont\u00f3 con una asistencia de 1,103 miembros, [\u2026]<\/div>\n","protected":false},"excerpt":{"rendered":"<p>SANTO DOMINGO.\u2013 El Comit\u00e9 Central del Partido de la Liberaci\u00f3n Dominicana (PLD) valid\u00f3 este domingo la inscripci\u00f3n de\u00a0Gonzalo Castillo\u00a0como aspirante a la presidencia de la Rep\u00fablica para el certamen electoral&hellip; <\/p>\n","protected":false},"author":1,"featured_media":0,"comment_status":"closed","ping_status":"closed","sticky":false,"template":"","format":"standard","meta":{"fifu_image_url":"","fifu_image_alt":"","footnotes":""},"categories":[17],"tags":[],"class_list":["post-7716","post","type-post","status-publish","format-standard","hentry","category-politica"],"_links":{"self":[{"href":"https:\/\/elmundodelapolitica.com\/v1\/wp-json\/wp\/v2\/posts\/7716","targetHints":{"allow":["GET"]}}],"collection":[{"href":"https:\/\/elmundodelapolitica.com\/v1\/wp-json\/wp\/v2\/posts"}],"about":[{"href":"https:\/\/elmundodelapolitica.com\/v1\/wp-json\/wp\/v2\/types\/post"}],"author":[{"embeddable":true,"href":"https:\/\/elmundodelapolitica.com\/v1\/wp-json\/wp\/v2\/users\/1"}],"replies":[{"embeddable":true,"href":"https:\/\/elmundodelapolitica.com\/v1\/wp-json\/wp\/v2\/comments?post=7716"}],"version-history":[{"count":0,"href":"https:\/\/elmundodelapolitica.com\/v1\/wp-json\/wp\/v2\/posts\/7716\/revisions"}],"wp:attachment":[{"href":"https:\/\/elmundodelapolitica.com\/v1\/wp-json\/wp\/v2\/media?parent=7716"}],"wp:term":[{"taxonomy":"category","embeddable":true,"href":"https:\/\/elmundodelapolitica.com\/v1\/wp-json\/wp\/v2\/categories?post=7716"},{"taxonomy":"post_tag","embeddable":true,"href":"https:\/\/elmundodelapolitica.com\/v1\/wp-json\/wp\/v2\/tags?post=7716"}],"curies":[{"name":"wp","href":"https:\/\/api.w.org\/{rel}","templated":true}]}}