{"id":7715,"date":"2026-02-23T03:00:44","date_gmt":"2026-02-23T07:00:44","guid":{"rendered":"https:\/\/elmundodelapolitica.com\/v1\/comite-central-del-pld-valida-lista-de-ocho-aspirantes-a-candidatura-presidencial\/"},"modified":"2026-02-23T03:00:44","modified_gmt":"2026-02-23T07:00:44","slug":"comite-central-del-pld-valida-lista-de-ocho-aspirantes-a-candidatura-presidencial","status":"publish","type":"post","link":"https:\/\/elmundodelapolitica.com\/v1\/comite-central-del-pld-valida-lista-de-ocho-aspirantes-a-candidatura-presidencial\/","title":{"rendered":"Comit\u00e9 Central del PLD valida lista de ocho aspirantes a candidatura presidencial"},"content":{"rendered":"<div>SANTO DOMINGO.\u2013 El Comit\u00e9 Central del Partido de la Liberaci\u00f3n Dominicana (PLD) valid\u00f3 este domingo una lista preliminar de ocho dirigentes que aspiran a la candidatura presidencial de la organizaci\u00f3n. La decisi\u00f3n se tom\u00f3 durante una reuni\u00f3n ordinaria celebrada en el pabell\u00f3n de voleibol del Centro Ol\u00edmpico Juan Pablo Duarte, con la presencia de la [\u2026]<\/div>\n","protected":false},"excerpt":{"rendered":"<p>SANTO DOMINGO.\u2013 El Comit\u00e9 Central del Partido de la Liberaci\u00f3n Dominicana (PLD) valid\u00f3 este domingo una lista preliminar de ocho dirigentes que aspiran a la candidatura presidencial de la organizaci\u00f3n.&hellip; <\/p>\n","protected":false},"author":1,"featured_media":0,"comment_status":"closed","ping_status":"closed","sticky":false,"template":"","format":"standard","meta":{"fifu_image_url":"","fifu_image_alt":"","footnotes":""},"categories":[17],"tags":[],"class_list":["post-7715","post","type-post","status-publish","format-standard","hentry","category-politica"],"_links":{"self":[{"href":"https:\/\/elmundodelapolitica.com\/v1\/wp-json\/wp\/v2\/posts\/7715","targetHints":{"allow":["GET"]}}],"collection":[{"href":"https:\/\/elmundodelapolitica.com\/v1\/wp-json\/wp\/v2\/posts"}],"about":[{"href":"https:\/\/elmundodelapolitica.com\/v1\/wp-json\/wp\/v2\/types\/post"}],"author":[{"embeddable":true,"href":"https:\/\/elmundodelapolitica.com\/v1\/wp-json\/wp\/v2\/users\/1"}],"replies":[{"embeddable":true,"href":"https:\/\/elmundodelapolitica.com\/v1\/wp-json\/wp\/v2\/comments?post=7715"}],"version-history":[{"count":0,"href":"https:\/\/elmundodelapolitica.com\/v1\/wp-json\/wp\/v2\/posts\/7715\/revisions"}],"wp:attachment":[{"href":"https:\/\/elmundodelapolitica.com\/v1\/wp-json\/wp\/v2\/media?parent=7715"}],"wp:term":[{"taxonomy":"category","embeddable":true,"href":"https:\/\/elmundodelapolitica.com\/v1\/wp-json\/wp\/v2\/categories?post=7715"},{"taxonomy":"post_tag","embeddable":true,"href":"https:\/\/elmundodelapolitica.com\/v1\/wp-json\/wp\/v2\/tags?post=7715"}],"curies":[{"name":"wp","href":"https:\/\/api.w.org\/{rel}","templated":true}]}}