{"id":7704,"date":"2026-02-22T03:03:22","date_gmt":"2026-02-22T07:03:22","guid":{"rendered":"https:\/\/elmundodelapolitica.com\/v1\/leonel-fernandez-el-futuro-no-se-improvisa-se-construye-con-vision-y-liderazgo-joven\/"},"modified":"2026-02-22T03:03:22","modified_gmt":"2026-02-22T07:03:22","slug":"leonel-fernandez-el-futuro-no-se-improvisa-se-construye-con-vision-y-liderazgo-joven","status":"publish","type":"post","link":"https:\/\/elmundodelapolitica.com\/v1\/leonel-fernandez-el-futuro-no-se-improvisa-se-construye-con-vision-y-liderazgo-joven\/","title":{"rendered":"Leonel Fern\u00e1ndez: \u00abEl futuro no se improvisa, se construye con visi\u00f3n y liderazgo joven\u00bb"},"content":{"rendered":"<div>NUEVA YORK. \u2013 En el marco de un encuentro con la comunidad dominicana en el exterior, el expresidente Leonel Fern\u00e1ndez asegur\u00f3 que el desarrollo de la Rep\u00fablica Dominicana no puede ser fruto del azar, sino de una planificaci\u00f3n estrat\u00e9gica fundamentada en la formaci\u00f3n de nuevos l\u00edderes y el fortalecimiento de la identidad nacional. A trav\u00e9s [\u2026]<\/div>\n","protected":false},"excerpt":{"rendered":"<p>NUEVA YORK. \u2013 En el marco de un encuentro con la comunidad dominicana en el exterior, el expresidente Leonel Fern\u00e1ndez asegur\u00f3 que el desarrollo de la Rep\u00fablica Dominicana no puede&hellip; <\/p>\n","protected":false},"author":1,"featured_media":0,"comment_status":"closed","ping_status":"closed","sticky":false,"template":"","format":"standard","meta":{"fifu_image_url":"","fifu_image_alt":"","footnotes":""},"categories":[17],"tags":[],"class_list":["post-7704","post","type-post","status-publish","format-standard","hentry","category-politica"],"_links":{"self":[{"href":"https:\/\/elmundodelapolitica.com\/v1\/wp-json\/wp\/v2\/posts\/7704","targetHints":{"allow":["GET"]}}],"collection":[{"href":"https:\/\/elmundodelapolitica.com\/v1\/wp-json\/wp\/v2\/posts"}],"about":[{"href":"https:\/\/elmundodelapolitica.com\/v1\/wp-json\/wp\/v2\/types\/post"}],"author":[{"embeddable":true,"href":"https:\/\/elmundodelapolitica.com\/v1\/wp-json\/wp\/v2\/users\/1"}],"replies":[{"embeddable":true,"href":"https:\/\/elmundodelapolitica.com\/v1\/wp-json\/wp\/v2\/comments?post=7704"}],"version-history":[{"count":0,"href":"https:\/\/elmundodelapolitica.com\/v1\/wp-json\/wp\/v2\/posts\/7704\/revisions"}],"wp:attachment":[{"href":"https:\/\/elmundodelapolitica.com\/v1\/wp-json\/wp\/v2\/media?parent=7704"}],"wp:term":[{"taxonomy":"category","embeddable":true,"href":"https:\/\/elmundodelapolitica.com\/v1\/wp-json\/wp\/v2\/categories?post=7704"},{"taxonomy":"post_tag","embeddable":true,"href":"https:\/\/elmundodelapolitica.com\/v1\/wp-json\/wp\/v2\/tags?post=7704"}],"curies":[{"name":"wp","href":"https:\/\/api.w.org\/{rel}","templated":true}]}}