{"id":7703,"date":"2026-02-22T03:03:22","date_gmt":"2026-02-22T07:03:22","guid":{"rendered":"https:\/\/elmundodelapolitica.com\/v1\/abel-martinez-no-validare-procesos-que-traicionen-nuestros-principios\/"},"modified":"2026-02-22T03:03:22","modified_gmt":"2026-02-22T07:03:22","slug":"abel-martinez-no-validare-procesos-que-traicionen-nuestros-principios","status":"publish","type":"post","link":"https:\/\/elmundodelapolitica.com\/v1\/abel-martinez-no-validare-procesos-que-traicionen-nuestros-principios\/","title":{"rendered":"Abel Mart\u00ednez: \u201cNo validar\u00e9 procesos que traicionen nuestros principios\u201d"},"content":{"rendered":"<div>Santo Domingo. \u2013 El aspirante presidencial Abel Mart\u00ednez, del Partido de la Liberaci\u00f3n Dominicana (PLD), manifest\u00f3 este s\u00e1bado que prefiere \u201cla soledad de la coherencia antes que el aplauso de la contradicci\u00f3n\u201d. \u201cNo me mueve la ambici\u00f3n, sino la responsabilidad hist\u00f3rica. No validar\u00e9 procesos que traicionen nuestros principios\u201d, expres\u00f3 el exalcalde. En un mensaje difundido [\u2026]<\/div>\n","protected":false},"excerpt":{"rendered":"<p>Santo Domingo. \u2013 El aspirante presidencial Abel Mart\u00ednez, del Partido de la Liberaci\u00f3n Dominicana (PLD), manifest\u00f3 este s\u00e1bado que prefiere \u201cla soledad de la coherencia antes que el aplauso de&hellip; <\/p>\n","protected":false},"author":1,"featured_media":0,"comment_status":"closed","ping_status":"closed","sticky":false,"template":"","format":"standard","meta":{"fifu_image_url":"","fifu_image_alt":"","footnotes":""},"categories":[17],"tags":[],"class_list":["post-7703","post","type-post","status-publish","format-standard","hentry","category-politica"],"_links":{"self":[{"href":"https:\/\/elmundodelapolitica.com\/v1\/wp-json\/wp\/v2\/posts\/7703","targetHints":{"allow":["GET"]}}],"collection":[{"href":"https:\/\/elmundodelapolitica.com\/v1\/wp-json\/wp\/v2\/posts"}],"about":[{"href":"https:\/\/elmundodelapolitica.com\/v1\/wp-json\/wp\/v2\/types\/post"}],"author":[{"embeddable":true,"href":"https:\/\/elmundodelapolitica.com\/v1\/wp-json\/wp\/v2\/users\/1"}],"replies":[{"embeddable":true,"href":"https:\/\/elmundodelapolitica.com\/v1\/wp-json\/wp\/v2\/comments?post=7703"}],"version-history":[{"count":0,"href":"https:\/\/elmundodelapolitica.com\/v1\/wp-json\/wp\/v2\/posts\/7703\/revisions"}],"wp:attachment":[{"href":"https:\/\/elmundodelapolitica.com\/v1\/wp-json\/wp\/v2\/media?parent=7703"}],"wp:term":[{"taxonomy":"category","embeddable":true,"href":"https:\/\/elmundodelapolitica.com\/v1\/wp-json\/wp\/v2\/categories?post=7703"},{"taxonomy":"post_tag","embeddable":true,"href":"https:\/\/elmundodelapolitica.com\/v1\/wp-json\/wp\/v2\/tags?post=7703"}],"curies":[{"name":"wp","href":"https:\/\/api.w.org\/{rel}","templated":true}]}}