{"id":7694,"date":"2026-02-20T03:04:59","date_gmt":"2026-02-20T07:04:59","guid":{"rendered":"https:\/\/elmundodelapolitica.com\/v1\/abel-martinez-pide-excluir-su-nombre-del-proceso-del-pld-y-ratifica-su-proyecto-2028\/"},"modified":"2026-02-20T03:04:59","modified_gmt":"2026-02-20T07:04:59","slug":"abel-martinez-pide-excluir-su-nombre-del-proceso-del-pld-y-ratifica-su-proyecto-2028","status":"publish","type":"post","link":"https:\/\/elmundodelapolitica.com\/v1\/abel-martinez-pide-excluir-su-nombre-del-proceso-del-pld-y-ratifica-su-proyecto-2028\/","title":{"rendered":"Abel Mart\u00ednez pide excluir su nombre del proceso del PLD y ratifica su proyecto 2028"},"content":{"rendered":"<div>Santo Domingo.\u2013 El aspirante presidencial del Partido de la Liberaci\u00f3n Dominicana (PLD), Abel Mart\u00ednez, solicit\u00f3 formalmente que su nombre no sea incluido en el listado de precandidatos que ser\u00e1 presentado ante el Comit\u00e9 Central el pr\u00f3ximo 22 de febrero, en un gesto que marca distancia frente al mecanismo aprobado por el Comit\u00e9 Pol\u00edtico. En una [\u2026]<\/div>\n","protected":false},"excerpt":{"rendered":"<p>Santo Domingo.\u2013 El aspirante presidencial del Partido de la Liberaci\u00f3n Dominicana (PLD), Abel Mart\u00ednez, solicit\u00f3 formalmente que su nombre no sea incluido en el listado de precandidatos que ser\u00e1 presentado&hellip; <\/p>\n","protected":false},"author":1,"featured_media":0,"comment_status":"closed","ping_status":"closed","sticky":false,"template":"","format":"standard","meta":{"fifu_image_url":"","fifu_image_alt":"","footnotes":""},"categories":[17],"tags":[],"class_list":["post-7694","post","type-post","status-publish","format-standard","hentry","category-politica"],"_links":{"self":[{"href":"https:\/\/elmundodelapolitica.com\/v1\/wp-json\/wp\/v2\/posts\/7694","targetHints":{"allow":["GET"]}}],"collection":[{"href":"https:\/\/elmundodelapolitica.com\/v1\/wp-json\/wp\/v2\/posts"}],"about":[{"href":"https:\/\/elmundodelapolitica.com\/v1\/wp-json\/wp\/v2\/types\/post"}],"author":[{"embeddable":true,"href":"https:\/\/elmundodelapolitica.com\/v1\/wp-json\/wp\/v2\/users\/1"}],"replies":[{"embeddable":true,"href":"https:\/\/elmundodelapolitica.com\/v1\/wp-json\/wp\/v2\/comments?post=7694"}],"version-history":[{"count":0,"href":"https:\/\/elmundodelapolitica.com\/v1\/wp-json\/wp\/v2\/posts\/7694\/revisions"}],"wp:attachment":[{"href":"https:\/\/elmundodelapolitica.com\/v1\/wp-json\/wp\/v2\/media?parent=7694"}],"wp:term":[{"taxonomy":"category","embeddable":true,"href":"https:\/\/elmundodelapolitica.com\/v1\/wp-json\/wp\/v2\/categories?post=7694"},{"taxonomy":"post_tag","embeddable":true,"href":"https:\/\/elmundodelapolitica.com\/v1\/wp-json\/wp\/v2\/tags?post=7694"}],"curies":[{"name":"wp","href":"https:\/\/api.w.org\/{rel}","templated":true}]}}