{"id":7677,"date":"2026-02-17T03:03:20","date_gmt":"2026-02-17T07:03:20","guid":{"rendered":"https:\/\/elmundodelapolitica.com\/v1\/el-55-6-de-los-dominicanos-no-simpatiza-con-partidos-politicos-segun-estudio-de-acd-media\/"},"modified":"2026-02-17T03:03:20","modified_gmt":"2026-02-17T07:03:20","slug":"el-55-6-de-los-dominicanos-no-simpatiza-con-partidos-politicos-segun-estudio-de-acd-media","status":"publish","type":"post","link":"https:\/\/elmundodelapolitica.com\/v1\/el-55-6-de-los-dominicanos-no-simpatiza-con-partidos-politicos-segun-estudio-de-acd-media\/","title":{"rendered":"El 55.6% de los dominicanos no simpatiza con partidos pol\u00edticos, seg\u00fan estudio de ACD Media"},"content":{"rendered":"<div>SANTO DOMINGO.-\u00a0Un sentimiento de desafecci\u00f3n pol\u00edtica domina el panorama electoral dominicano de cara a los pr\u00f3ximos a\u00f1os. Seg\u00fan los resultados de la m\u00e1s reciente Encuesta Nacional de Opini\u00f3n P\u00fablica de\u00a0ACD Media, correspondiente a febrero de 2026, el\u00a055.6% de los ciudadanos asegura no simpatizar con ninguna organizaci\u00f3n pol\u00edtica\u00a0en la actualidad (pp. 1, 18). No obstante, entre [\u2026]<\/div>\n","protected":false},"excerpt":{"rendered":"<p>SANTO DOMINGO.-\u00a0Un sentimiento de desafecci\u00f3n pol\u00edtica domina el panorama electoral dominicano de cara a los pr\u00f3ximos a\u00f1os. Seg\u00fan los resultados de la m\u00e1s reciente Encuesta Nacional de Opini\u00f3n P\u00fablica de\u00a0ACD&hellip; <\/p>\n","protected":false},"author":1,"featured_media":0,"comment_status":"closed","ping_status":"closed","sticky":false,"template":"","format":"standard","meta":{"fifu_image_url":"","fifu_image_alt":"","footnotes":""},"categories":[17],"tags":[],"class_list":["post-7677","post","type-post","status-publish","format-standard","hentry","category-politica"],"_links":{"self":[{"href":"https:\/\/elmundodelapolitica.com\/v1\/wp-json\/wp\/v2\/posts\/7677","targetHints":{"allow":["GET"]}}],"collection":[{"href":"https:\/\/elmundodelapolitica.com\/v1\/wp-json\/wp\/v2\/posts"}],"about":[{"href":"https:\/\/elmundodelapolitica.com\/v1\/wp-json\/wp\/v2\/types\/post"}],"author":[{"embeddable":true,"href":"https:\/\/elmundodelapolitica.com\/v1\/wp-json\/wp\/v2\/users\/1"}],"replies":[{"embeddable":true,"href":"https:\/\/elmundodelapolitica.com\/v1\/wp-json\/wp\/v2\/comments?post=7677"}],"version-history":[{"count":0,"href":"https:\/\/elmundodelapolitica.com\/v1\/wp-json\/wp\/v2\/posts\/7677\/revisions"}],"wp:attachment":[{"href":"https:\/\/elmundodelapolitica.com\/v1\/wp-json\/wp\/v2\/media?parent=7677"}],"wp:term":[{"taxonomy":"category","embeddable":true,"href":"https:\/\/elmundodelapolitica.com\/v1\/wp-json\/wp\/v2\/categories?post=7677"},{"taxonomy":"post_tag","embeddable":true,"href":"https:\/\/elmundodelapolitica.com\/v1\/wp-json\/wp\/v2\/tags?post=7677"}],"curies":[{"name":"wp","href":"https:\/\/api.w.org\/{rel}","templated":true}]}}