{"id":7676,"date":"2026-02-17T03:03:20","date_gmt":"2026-02-17T07:03:20","guid":{"rendered":"https:\/\/elmundodelapolitica.com\/v1\/legisladores-de-oposicion-reaccionan-a-criticas-lanzadas-por-abinader-durante-aniversario-del-prm\/"},"modified":"2026-02-17T03:03:20","modified_gmt":"2026-02-17T07:03:20","slug":"legisladores-de-oposicion-reaccionan-a-criticas-lanzadas-por-abinader-durante-aniversario-del-prm","status":"publish","type":"post","link":"https:\/\/elmundodelapolitica.com\/v1\/legisladores-de-oposicion-reaccionan-a-criticas-lanzadas-por-abinader-durante-aniversario-del-prm\/","title":{"rendered":"Legisladores de oposici\u00f3n reaccionan a cr\u00edticas lanzadas por Abinader durante aniversario del PRM"},"content":{"rendered":"<div>Tras el discurso del presidente Luis Abinader por el 11.\u00ba aniversario de la fundaci\u00f3n del Partido Revolucionario Moderno (PRM), en el que lanz\u00f3 en varias ocasiones cr\u00edticas a los partidos de oposici\u00f3n, se\u00f1alando que tienen un enemigo letal llamado \u201cel buscador de Google\u201d, estas no pasaron no pasaron desapercibidas y generaron reacciones inmediatas. Entre las [\u2026]<\/div>\n","protected":false},"excerpt":{"rendered":"<p>Tras el discurso del presidente Luis Abinader por el 11.\u00ba aniversario de la fundaci\u00f3n del Partido Revolucionario Moderno (PRM), en el que lanz\u00f3 en varias ocasiones cr\u00edticas a los partidos&hellip; <\/p>\n","protected":false},"author":1,"featured_media":0,"comment_status":"closed","ping_status":"closed","sticky":false,"template":"","format":"standard","meta":{"fifu_image_url":"","fifu_image_alt":"","footnotes":""},"categories":[17],"tags":[],"class_list":["post-7676","post","type-post","status-publish","format-standard","hentry","category-politica"],"_links":{"self":[{"href":"https:\/\/elmundodelapolitica.com\/v1\/wp-json\/wp\/v2\/posts\/7676","targetHints":{"allow":["GET"]}}],"collection":[{"href":"https:\/\/elmundodelapolitica.com\/v1\/wp-json\/wp\/v2\/posts"}],"about":[{"href":"https:\/\/elmundodelapolitica.com\/v1\/wp-json\/wp\/v2\/types\/post"}],"author":[{"embeddable":true,"href":"https:\/\/elmundodelapolitica.com\/v1\/wp-json\/wp\/v2\/users\/1"}],"replies":[{"embeddable":true,"href":"https:\/\/elmundodelapolitica.com\/v1\/wp-json\/wp\/v2\/comments?post=7676"}],"version-history":[{"count":0,"href":"https:\/\/elmundodelapolitica.com\/v1\/wp-json\/wp\/v2\/posts\/7676\/revisions"}],"wp:attachment":[{"href":"https:\/\/elmundodelapolitica.com\/v1\/wp-json\/wp\/v2\/media?parent=7676"}],"wp:term":[{"taxonomy":"category","embeddable":true,"href":"https:\/\/elmundodelapolitica.com\/v1\/wp-json\/wp\/v2\/categories?post=7676"},{"taxonomy":"post_tag","embeddable":true,"href":"https:\/\/elmundodelapolitica.com\/v1\/wp-json\/wp\/v2\/tags?post=7676"}],"curies":[{"name":"wp","href":"https:\/\/api.w.org\/{rel}","templated":true}]}}