{"id":7659,"date":"2026-02-16T03:03:22","date_gmt":"2026-02-16T07:03:22","guid":{"rendered":"https:\/\/elmundodelapolitica.com\/v1\/abinader-asegura-que-google-es-el-principal-enemigo-de-la-oposicion\/"},"modified":"2026-02-16T03:03:22","modified_gmt":"2026-02-16T07:03:22","slug":"abinader-asegura-que-google-es-el-principal-enemigo-de-la-oposicion","status":"publish","type":"post","link":"https:\/\/elmundodelapolitica.com\/v1\/abinader-asegura-que-google-es-el-principal-enemigo-de-la-oposicion\/","title":{"rendered":"Abinader asegura que Google es el principal enemigo de la oposici\u00f3n"},"content":{"rendered":"<div>Santo Domingo. El presidente Luis Abinader asegur\u00f3 que el principal adversario de la oposici\u00f3n es el buscador Google, al considerar que los mismos indicadores econ\u00f3micos y sociales que hoy cuestionan muestran que su desempe\u00f1o fue inferior cuando estuvieron al frente del Estado. Al intervenir en la Gran Arena del Cibao, durante el aniversario del Partido [\u2026]<\/div>\n","protected":false},"excerpt":{"rendered":"<p>Santo Domingo. El presidente Luis Abinader asegur\u00f3 que el principal adversario de la oposici\u00f3n es el buscador Google, al considerar que los mismos indicadores econ\u00f3micos y sociales que hoy cuestionan&hellip; <\/p>\n","protected":false},"author":1,"featured_media":0,"comment_status":"closed","ping_status":"closed","sticky":false,"template":"","format":"standard","meta":{"fifu_image_url":"","fifu_image_alt":"","footnotes":""},"categories":[17],"tags":[],"class_list":["post-7659","post","type-post","status-publish","format-standard","hentry","category-politica"],"_links":{"self":[{"href":"https:\/\/elmundodelapolitica.com\/v1\/wp-json\/wp\/v2\/posts\/7659","targetHints":{"allow":["GET"]}}],"collection":[{"href":"https:\/\/elmundodelapolitica.com\/v1\/wp-json\/wp\/v2\/posts"}],"about":[{"href":"https:\/\/elmundodelapolitica.com\/v1\/wp-json\/wp\/v2\/types\/post"}],"author":[{"embeddable":true,"href":"https:\/\/elmundodelapolitica.com\/v1\/wp-json\/wp\/v2\/users\/1"}],"replies":[{"embeddable":true,"href":"https:\/\/elmundodelapolitica.com\/v1\/wp-json\/wp\/v2\/comments?post=7659"}],"version-history":[{"count":0,"href":"https:\/\/elmundodelapolitica.com\/v1\/wp-json\/wp\/v2\/posts\/7659\/revisions"}],"wp:attachment":[{"href":"https:\/\/elmundodelapolitica.com\/v1\/wp-json\/wp\/v2\/media?parent=7659"}],"wp:term":[{"taxonomy":"category","embeddable":true,"href":"https:\/\/elmundodelapolitica.com\/v1\/wp-json\/wp\/v2\/categories?post=7659"},{"taxonomy":"post_tag","embeddable":true,"href":"https:\/\/elmundodelapolitica.com\/v1\/wp-json\/wp\/v2\/tags?post=7659"}],"curies":[{"name":"wp","href":"https:\/\/api.w.org\/{rel}","templated":true}]}}