{"id":7658,"date":"2026-02-16T03:03:22","date_gmt":"2026-02-16T07:03:22","guid":{"rendered":"https:\/\/elmundodelapolitica.com\/v1\/abinader-advierte-corrupcion-es-traicion-a-los-principios-del-prm\/"},"modified":"2026-02-16T03:03:22","modified_gmt":"2026-02-16T07:03:22","slug":"abinader-advierte-corrupcion-es-traicion-a-los-principios-del-prm","status":"publish","type":"post","link":"https:\/\/elmundodelapolitica.com\/v1\/abinader-advierte-corrupcion-es-traicion-a-los-principios-del-prm\/","title":{"rendered":"Abinader advierte: \u201cCorrupci\u00f3n es traici\u00f3n a los principios del PRM\u201d"},"content":{"rendered":"<div>Santo Domingo. El presidente Luis Abinader sostuvo que la administraci\u00f3n del Partido Revolucionario Moderno (PRM) est\u00e1 comprometida con la construcci\u00f3n de un Estado m\u00e1s \u00e1gil, transparente y sin impunidad en la Rep\u00fablica Dominicana. Al mismo tiempo, advirti\u00f3 que quienes incurren o respaldan actos de corrupci\u00f3n \u201ctraicionan los ideales\u201d de la organizaci\u00f3n. Durante la conmemoraci\u00f3n del [\u2026]<\/div>\n","protected":false},"excerpt":{"rendered":"<p>Santo Domingo. El presidente Luis Abinader sostuvo que la administraci\u00f3n del Partido Revolucionario Moderno (PRM) est\u00e1 comprometida con la construcci\u00f3n de un Estado m\u00e1s \u00e1gil, transparente y sin impunidad en&hellip; <\/p>\n","protected":false},"author":1,"featured_media":0,"comment_status":"closed","ping_status":"closed","sticky":false,"template":"","format":"standard","meta":{"fifu_image_url":"","fifu_image_alt":"","footnotes":""},"categories":[17],"tags":[],"class_list":["post-7658","post","type-post","status-publish","format-standard","hentry","category-politica"],"_links":{"self":[{"href":"https:\/\/elmundodelapolitica.com\/v1\/wp-json\/wp\/v2\/posts\/7658","targetHints":{"allow":["GET"]}}],"collection":[{"href":"https:\/\/elmundodelapolitica.com\/v1\/wp-json\/wp\/v2\/posts"}],"about":[{"href":"https:\/\/elmundodelapolitica.com\/v1\/wp-json\/wp\/v2\/types\/post"}],"author":[{"embeddable":true,"href":"https:\/\/elmundodelapolitica.com\/v1\/wp-json\/wp\/v2\/users\/1"}],"replies":[{"embeddable":true,"href":"https:\/\/elmundodelapolitica.com\/v1\/wp-json\/wp\/v2\/comments?post=7658"}],"version-history":[{"count":0,"href":"https:\/\/elmundodelapolitica.com\/v1\/wp-json\/wp\/v2\/posts\/7658\/revisions"}],"wp:attachment":[{"href":"https:\/\/elmundodelapolitica.com\/v1\/wp-json\/wp\/v2\/media?parent=7658"}],"wp:term":[{"taxonomy":"category","embeddable":true,"href":"https:\/\/elmundodelapolitica.com\/v1\/wp-json\/wp\/v2\/categories?post=7658"},{"taxonomy":"post_tag","embeddable":true,"href":"https:\/\/elmundodelapolitica.com\/v1\/wp-json\/wp\/v2\/tags?post=7658"}],"curies":[{"name":"wp","href":"https:\/\/api.w.org\/{rel}","templated":true}]}}