{"id":7657,"date":"2026-02-16T03:03:21","date_gmt":"2026-02-16T07:03:21","guid":{"rendered":"https:\/\/elmundodelapolitica.com\/v1\/prm-celebra-11-anos-con-el-reto-de-mantener-el-poder-y-las-controversias-de-cara-al-2028\/"},"modified":"2026-02-16T03:03:21","modified_gmt":"2026-02-16T07:03:21","slug":"prm-celebra-11-anos-con-el-reto-de-mantener-el-poder-y-las-controversias-de-cara-al-2028","status":"publish","type":"post","link":"https:\/\/elmundodelapolitica.com\/v1\/prm-celebra-11-anos-con-el-reto-de-mantener-el-poder-y-las-controversias-de-cara-al-2028\/","title":{"rendered":"PRM celebra 11 a\u00f1os con el reto de mantener el poder y las controversias de cara al 2028"},"content":{"rendered":"<div>Cerca de las nueve de la ma\u00f1ana de este domingo, el Partido Revolucionario Moderno (PRM) realizar\u00e1 en la Gran Arena del Cibao, en Santiago de los Caballeros, un acto para conmemorar sus 11 a\u00f1os de fundaci\u00f3n. Constituido oficialmente en 2015, el partido oficial obtuvo el segundo lugar en las elecciones del a\u00f1o siguiente, posicion\u00e1ndose para [\u2026]<\/div>\n","protected":false},"excerpt":{"rendered":"<p>Cerca de las nueve de la ma\u00f1ana de este domingo, el Partido Revolucionario Moderno (PRM) realizar\u00e1 en la Gran Arena del Cibao, en Santiago de los Caballeros, un acto para&hellip; <\/p>\n","protected":false},"author":1,"featured_media":0,"comment_status":"closed","ping_status":"closed","sticky":false,"template":"","format":"standard","meta":{"fifu_image_url":"","fifu_image_alt":"","footnotes":""},"categories":[17],"tags":[],"class_list":["post-7657","post","type-post","status-publish","format-standard","hentry","category-politica"],"_links":{"self":[{"href":"https:\/\/elmundodelapolitica.com\/v1\/wp-json\/wp\/v2\/posts\/7657","targetHints":{"allow":["GET"]}}],"collection":[{"href":"https:\/\/elmundodelapolitica.com\/v1\/wp-json\/wp\/v2\/posts"}],"about":[{"href":"https:\/\/elmundodelapolitica.com\/v1\/wp-json\/wp\/v2\/types\/post"}],"author":[{"embeddable":true,"href":"https:\/\/elmundodelapolitica.com\/v1\/wp-json\/wp\/v2\/users\/1"}],"replies":[{"embeddable":true,"href":"https:\/\/elmundodelapolitica.com\/v1\/wp-json\/wp\/v2\/comments?post=7657"}],"version-history":[{"count":0,"href":"https:\/\/elmundodelapolitica.com\/v1\/wp-json\/wp\/v2\/posts\/7657\/revisions"}],"wp:attachment":[{"href":"https:\/\/elmundodelapolitica.com\/v1\/wp-json\/wp\/v2\/media?parent=7657"}],"wp:term":[{"taxonomy":"category","embeddable":true,"href":"https:\/\/elmundodelapolitica.com\/v1\/wp-json\/wp\/v2\/categories?post=7657"},{"taxonomy":"post_tag","embeddable":true,"href":"https:\/\/elmundodelapolitica.com\/v1\/wp-json\/wp\/v2\/tags?post=7657"}],"curies":[{"name":"wp","href":"https:\/\/api.w.org\/{rel}","templated":true}]}}