{"id":7656,"date":"2026-02-16T03:03:21","date_gmt":"2026-02-16T07:03:21","guid":{"rendered":"https:\/\/elmundodelapolitica.com\/v1\/radhames-jimenez-afirma-fp-seguira-juramentando-dirigentes-de-otros-partidos\/"},"modified":"2026-02-16T03:03:21","modified_gmt":"2026-02-16T07:03:21","slug":"radhames-jimenez-afirma-fp-seguira-juramentando-dirigentes-de-otros-partidos","status":"publish","type":"post","link":"https:\/\/elmundodelapolitica.com\/v1\/radhames-jimenez-afirma-fp-seguira-juramentando-dirigentes-de-otros-partidos\/","title":{"rendered":"Radham\u00e9s Jim\u00e9nez afirma FP seguir\u00e1 juramentando dirigentes de otros partidos"},"content":{"rendered":"<div>Santo Domingo,- El vicepresidente de la Fuerza del Pueblo, Radham\u00e9s Jim\u00e9nez Pe\u00f1a, advirti\u00f3 que esa entidad pol\u00edtica seguir\u00e1 con su programa de juramentaciones de dirigentes de otros partidos que quieran ingresar a ese partido, tal y como lo ha venido haciendo en distintos puntos de la geograf\u00eda nacional. Jim\u00e9nez Pe\u00f1a sostuvo que la organizaci\u00f3n que [\u2026]<\/div>\n","protected":false},"excerpt":{"rendered":"<p>Santo Domingo,- El vicepresidente de la Fuerza del Pueblo, Radham\u00e9s Jim\u00e9nez Pe\u00f1a, advirti\u00f3 que esa entidad pol\u00edtica seguir\u00e1 con su programa de juramentaciones de dirigentes de otros partidos que quieran&hellip; <\/p>\n","protected":false},"author":1,"featured_media":0,"comment_status":"closed","ping_status":"closed","sticky":false,"template":"","format":"standard","meta":{"fifu_image_url":"","fifu_image_alt":"","footnotes":""},"categories":[17],"tags":[],"class_list":["post-7656","post","type-post","status-publish","format-standard","hentry","category-politica"],"_links":{"self":[{"href":"https:\/\/elmundodelapolitica.com\/v1\/wp-json\/wp\/v2\/posts\/7656","targetHints":{"allow":["GET"]}}],"collection":[{"href":"https:\/\/elmundodelapolitica.com\/v1\/wp-json\/wp\/v2\/posts"}],"about":[{"href":"https:\/\/elmundodelapolitica.com\/v1\/wp-json\/wp\/v2\/types\/post"}],"author":[{"embeddable":true,"href":"https:\/\/elmundodelapolitica.com\/v1\/wp-json\/wp\/v2\/users\/1"}],"replies":[{"embeddable":true,"href":"https:\/\/elmundodelapolitica.com\/v1\/wp-json\/wp\/v2\/comments?post=7656"}],"version-history":[{"count":0,"href":"https:\/\/elmundodelapolitica.com\/v1\/wp-json\/wp\/v2\/posts\/7656\/revisions"}],"wp:attachment":[{"href":"https:\/\/elmundodelapolitica.com\/v1\/wp-json\/wp\/v2\/media?parent=7656"}],"wp:term":[{"taxonomy":"category","embeddable":true,"href":"https:\/\/elmundodelapolitica.com\/v1\/wp-json\/wp\/v2\/categories?post=7656"},{"taxonomy":"post_tag","embeddable":true,"href":"https:\/\/elmundodelapolitica.com\/v1\/wp-json\/wp\/v2\/tags?post=7656"}],"curies":[{"name":"wp","href":"https:\/\/api.w.org\/{rel}","templated":true}]}}