{"id":7631,"date":"2026-02-13T03:03:01","date_gmt":"2026-02-13T07:03:01","guid":{"rendered":"https:\/\/elmundodelapolitica.com\/v1\/prm-conmemorara-su-11-o-aniversario-con-un-acto-nacional-en-santiago\/"},"modified":"2026-02-13T03:03:01","modified_gmt":"2026-02-13T07:03:01","slug":"prm-conmemorara-su-11-o-aniversario-con-un-acto-nacional-en-santiago","status":"publish","type":"post","link":"https:\/\/elmundodelapolitica.com\/v1\/prm-conmemorara-su-11-o-aniversario-con-un-acto-nacional-en-santiago\/","title":{"rendered":"PRM conmemorar\u00e1 su 11.\u00ba aniversario con un acto nacional en Santiago"},"content":{"rendered":"<div>SANTIAGO DE LOS CABALLEROS.\u2013 El Partido Revolucionario Moderno (PRM) anunci\u00f3 la celebraci\u00f3n de su decimoprimer aniversario con un acto institucional que tendr\u00e1 lugar este domingo 15 de febrero de 2026 en la Gran Arena del Cibao. La actividad est\u00e1 programada para iniciar a las 9:00 de la ma\u00f1ana y contar\u00e1 con la asistencia del presidente [\u2026]<\/div>\n","protected":false},"excerpt":{"rendered":"<p>SANTIAGO DE LOS CABALLEROS.\u2013 El Partido Revolucionario Moderno (PRM) anunci\u00f3 la celebraci\u00f3n de su decimoprimer aniversario con un acto institucional que tendr\u00e1 lugar este domingo 15 de febrero de 2026&hellip; <\/p>\n","protected":false},"author":1,"featured_media":0,"comment_status":"closed","ping_status":"closed","sticky":false,"template":"","format":"standard","meta":{"fifu_image_url":"","fifu_image_alt":"","footnotes":""},"categories":[17],"tags":[],"class_list":["post-7631","post","type-post","status-publish","format-standard","hentry","category-politica"],"_links":{"self":[{"href":"https:\/\/elmundodelapolitica.com\/v1\/wp-json\/wp\/v2\/posts\/7631","targetHints":{"allow":["GET"]}}],"collection":[{"href":"https:\/\/elmundodelapolitica.com\/v1\/wp-json\/wp\/v2\/posts"}],"about":[{"href":"https:\/\/elmundodelapolitica.com\/v1\/wp-json\/wp\/v2\/types\/post"}],"author":[{"embeddable":true,"href":"https:\/\/elmundodelapolitica.com\/v1\/wp-json\/wp\/v2\/users\/1"}],"replies":[{"embeddable":true,"href":"https:\/\/elmundodelapolitica.com\/v1\/wp-json\/wp\/v2\/comments?post=7631"}],"version-history":[{"count":0,"href":"https:\/\/elmundodelapolitica.com\/v1\/wp-json\/wp\/v2\/posts\/7631\/revisions"}],"wp:attachment":[{"href":"https:\/\/elmundodelapolitica.com\/v1\/wp-json\/wp\/v2\/media?parent=7631"}],"wp:term":[{"taxonomy":"category","embeddable":true,"href":"https:\/\/elmundodelapolitica.com\/v1\/wp-json\/wp\/v2\/categories?post=7631"},{"taxonomy":"post_tag","embeddable":true,"href":"https:\/\/elmundodelapolitica.com\/v1\/wp-json\/wp\/v2\/tags?post=7631"}],"curies":[{"name":"wp","href":"https:\/\/api.w.org\/{rel}","templated":true}]}}