{"id":7628,"date":"2026-02-12T03:04:01","date_gmt":"2026-02-12T07:04:01","guid":{"rendered":"https:\/\/elmundodelapolitica.com\/v1\/prm-celebrara-su-11-aniversario-con-desafio-por-la-unidad-y-el-futuro-electoral\/"},"modified":"2026-02-12T03:04:01","modified_gmt":"2026-02-12T07:04:01","slug":"prm-celebrara-su-11-aniversario-con-desafio-por-la-unidad-y-el-futuro-electoral","status":"publish","type":"post","link":"https:\/\/elmundodelapolitica.com\/v1\/prm-celebrara-su-11-aniversario-con-desafio-por-la-unidad-y-el-futuro-electoral\/","title":{"rendered":"PRM celebrar\u00e1 su 11 aniversario con desaf\u00edo por la unidad y el futuro electoral\u00a0"},"content":{"rendered":"<div>El Partido Revolucionario Moderno (PRM) arriba a su und\u00e9cimo aniversario como organizaci\u00f3n pol\u00edtica en un escenario marcado por avances, cuestionamientos internos y el desaf\u00edo de mantener la cohesi\u00f3n partidaria mientras ejerce el poder. Dirigentes oficialistas destacan como su mayor hito haber alcanzado la Presidencia de la Rep\u00fablica en 2020, apenas cinco a\u00f1os despu\u00e9s de su [\u2026]<\/div>\n","protected":false},"excerpt":{"rendered":"<p>El Partido Revolucionario Moderno (PRM) arriba a su und\u00e9cimo aniversario como organizaci\u00f3n pol\u00edtica en un escenario marcado por avances, cuestionamientos internos y el desaf\u00edo de mantener la cohesi\u00f3n partidaria mientras&hellip; <\/p>\n","protected":false},"author":1,"featured_media":0,"comment_status":"closed","ping_status":"closed","sticky":false,"template":"","format":"standard","meta":{"fifu_image_url":"","fifu_image_alt":"","footnotes":""},"categories":[17],"tags":[],"class_list":["post-7628","post","type-post","status-publish","format-standard","hentry","category-politica"],"_links":{"self":[{"href":"https:\/\/elmundodelapolitica.com\/v1\/wp-json\/wp\/v2\/posts\/7628","targetHints":{"allow":["GET"]}}],"collection":[{"href":"https:\/\/elmundodelapolitica.com\/v1\/wp-json\/wp\/v2\/posts"}],"about":[{"href":"https:\/\/elmundodelapolitica.com\/v1\/wp-json\/wp\/v2\/types\/post"}],"author":[{"embeddable":true,"href":"https:\/\/elmundodelapolitica.com\/v1\/wp-json\/wp\/v2\/users\/1"}],"replies":[{"embeddable":true,"href":"https:\/\/elmundodelapolitica.com\/v1\/wp-json\/wp\/v2\/comments?post=7628"}],"version-history":[{"count":0,"href":"https:\/\/elmundodelapolitica.com\/v1\/wp-json\/wp\/v2\/posts\/7628\/revisions"}],"wp:attachment":[{"href":"https:\/\/elmundodelapolitica.com\/v1\/wp-json\/wp\/v2\/media?parent=7628"}],"wp:term":[{"taxonomy":"category","embeddable":true,"href":"https:\/\/elmundodelapolitica.com\/v1\/wp-json\/wp\/v2\/categories?post=7628"},{"taxonomy":"post_tag","embeddable":true,"href":"https:\/\/elmundodelapolitica.com\/v1\/wp-json\/wp\/v2\/tags?post=7628"}],"curies":[{"name":"wp","href":"https:\/\/api.w.org\/{rel}","templated":true}]}}