{"id":7627,"date":"2026-02-12T03:04:01","date_gmt":"2026-02-12T07:04:01","guid":{"rendered":"https:\/\/elmundodelapolitica.com\/v1\/el-expresidente-danilo-medina-reprocho-supuesto-uso-irregular-de-cobros-a-empleados-publicos\/"},"modified":"2026-02-12T03:04:01","modified_gmt":"2026-02-12T07:04:01","slug":"el-expresidente-danilo-medina-reprocho-supuesto-uso-irregular-de-cobros-a-empleados-publicos","status":"publish","type":"post","link":"https:\/\/elmundodelapolitica.com\/v1\/el-expresidente-danilo-medina-reprocho-supuesto-uso-irregular-de-cobros-a-empleados-publicos\/","title":{"rendered":"El expresidente Danilo Medina reproch\u00f3 supuesto uso irregular de cobros a empleados p\u00fablicos"},"content":{"rendered":"<div>El expresidente Danilo Medina reproch\u00f3 el supuesto cobro irregular a empleados p\u00fablicos. Consider\u00f3 que esas acciones deben ser sancionadas. Asimismo respald\u00f3 el proceso de investigaci\u00f3n que ha iniciado el Gobierno para determinar responsabilidades. Medina tambi\u00e9n alz\u00f3 la voz en rechazo a la maniobra que presuntamente habr\u00edan utilizado funcionarios p\u00fablicos para coaccionar a empleados al pago [\u2026]<\/div>\n","protected":false},"excerpt":{"rendered":"<p>El expresidente Danilo Medina reproch\u00f3 el supuesto cobro irregular a empleados p\u00fablicos. Consider\u00f3 que esas acciones deben ser sancionadas. Asimismo respald\u00f3 el proceso de investigaci\u00f3n que ha iniciado el Gobierno&hellip; <\/p>\n","protected":false},"author":1,"featured_media":0,"comment_status":"closed","ping_status":"closed","sticky":false,"template":"","format":"standard","meta":{"fifu_image_url":"","fifu_image_alt":"","footnotes":""},"categories":[17],"tags":[],"class_list":["post-7627","post","type-post","status-publish","format-standard","hentry","category-politica"],"_links":{"self":[{"href":"https:\/\/elmundodelapolitica.com\/v1\/wp-json\/wp\/v2\/posts\/7627","targetHints":{"allow":["GET"]}}],"collection":[{"href":"https:\/\/elmundodelapolitica.com\/v1\/wp-json\/wp\/v2\/posts"}],"about":[{"href":"https:\/\/elmundodelapolitica.com\/v1\/wp-json\/wp\/v2\/types\/post"}],"author":[{"embeddable":true,"href":"https:\/\/elmundodelapolitica.com\/v1\/wp-json\/wp\/v2\/users\/1"}],"replies":[{"embeddable":true,"href":"https:\/\/elmundodelapolitica.com\/v1\/wp-json\/wp\/v2\/comments?post=7627"}],"version-history":[{"count":0,"href":"https:\/\/elmundodelapolitica.com\/v1\/wp-json\/wp\/v2\/posts\/7627\/revisions"}],"wp:attachment":[{"href":"https:\/\/elmundodelapolitica.com\/v1\/wp-json\/wp\/v2\/media?parent=7627"}],"wp:term":[{"taxonomy":"category","embeddable":true,"href":"https:\/\/elmundodelapolitica.com\/v1\/wp-json\/wp\/v2\/categories?post=7627"},{"taxonomy":"post_tag","embeddable":true,"href":"https:\/\/elmundodelapolitica.com\/v1\/wp-json\/wp\/v2\/tags?post=7627"}],"curies":[{"name":"wp","href":"https:\/\/api.w.org\/{rel}","templated":true}]}}