{"id":7626,"date":"2026-02-12T03:04:00","date_gmt":"2026-02-12T07:04:00","guid":{"rendered":"https:\/\/elmundodelapolitica.com\/v1\/leonel-fernandez-condena-supuestos-cobros-en-el-sector-publico\/"},"modified":"2026-02-12T03:04:00","modified_gmt":"2026-02-12T07:04:00","slug":"leonel-fernandez-condena-supuestos-cobros-en-el-sector-publico","status":"publish","type":"post","link":"https:\/\/elmundodelapolitica.com\/v1\/leonel-fernandez-condena-supuestos-cobros-en-el-sector-publico\/","title":{"rendered":"Leonel Fern\u00e1ndez condena supuestos cobros en el sector p\u00fablico"},"content":{"rendered":"<div>El expresidente de la Rep\u00fablica, Leonel Fern\u00e1ndez, conden\u00f3 este martes los supuestos cobros irregulares a empleados p\u00fablicos para financiar movimientos pol\u00edticos, al calificarlos como una pr\u00e1ctica cuestionable que seg\u00fan afirm\u00f3 podr\u00eda estar ocurriendo en otras instituciones del Estado. \u201cAhora vemos el caso del FEDA, y seguro que est\u00e1 ocurriendo en otras instituciones del Estado. Por [\u2026]<\/div>\n","protected":false},"excerpt":{"rendered":"<p>El expresidente de la Rep\u00fablica, Leonel Fern\u00e1ndez, conden\u00f3 este martes los supuestos cobros irregulares a empleados p\u00fablicos para financiar movimientos pol\u00edticos, al calificarlos como una pr\u00e1ctica cuestionable que seg\u00fan afirm\u00f3&hellip; <\/p>\n","protected":false},"author":1,"featured_media":0,"comment_status":"closed","ping_status":"closed","sticky":false,"template":"","format":"standard","meta":{"fifu_image_url":"","fifu_image_alt":"","footnotes":""},"categories":[17],"tags":[],"class_list":["post-7626","post","type-post","status-publish","format-standard","hentry","category-politica"],"_links":{"self":[{"href":"https:\/\/elmundodelapolitica.com\/v1\/wp-json\/wp\/v2\/posts\/7626","targetHints":{"allow":["GET"]}}],"collection":[{"href":"https:\/\/elmundodelapolitica.com\/v1\/wp-json\/wp\/v2\/posts"}],"about":[{"href":"https:\/\/elmundodelapolitica.com\/v1\/wp-json\/wp\/v2\/types\/post"}],"author":[{"embeddable":true,"href":"https:\/\/elmundodelapolitica.com\/v1\/wp-json\/wp\/v2\/users\/1"}],"replies":[{"embeddable":true,"href":"https:\/\/elmundodelapolitica.com\/v1\/wp-json\/wp\/v2\/comments?post=7626"}],"version-history":[{"count":0,"href":"https:\/\/elmundodelapolitica.com\/v1\/wp-json\/wp\/v2\/posts\/7626\/revisions"}],"wp:attachment":[{"href":"https:\/\/elmundodelapolitica.com\/v1\/wp-json\/wp\/v2\/media?parent=7626"}],"wp:term":[{"taxonomy":"category","embeddable":true,"href":"https:\/\/elmundodelapolitica.com\/v1\/wp-json\/wp\/v2\/categories?post=7626"},{"taxonomy":"post_tag","embeddable":true,"href":"https:\/\/elmundodelapolitica.com\/v1\/wp-json\/wp\/v2\/tags?post=7626"}],"curies":[{"name":"wp","href":"https:\/\/api.w.org\/{rel}","templated":true}]}}