{"id":7619,"date":"2026-02-10T03:03:20","date_gmt":"2026-02-10T07:03:20","guid":{"rendered":"https:\/\/elmundodelapolitica.com\/v1\/dirigente-fp-asegura-leonel-fernandez-no-privatizo-el-sector-electrico\/"},"modified":"2026-02-10T03:03:20","modified_gmt":"2026-02-10T07:03:20","slug":"dirigente-fp-asegura-leonel-fernandez-no-privatizo-el-sector-electrico","status":"publish","type":"post","link":"https:\/\/elmundodelapolitica.com\/v1\/dirigente-fp-asegura-leonel-fernandez-no-privatizo-el-sector-electrico\/","title":{"rendered":"Dirigente FP asegura \u201cLeonel Fern\u00e1ndez no privatiz\u00f3 el sector el\u00e9ctrico\u201d"},"content":{"rendered":"<div>Santo Domingo.\u2013 El secretario de Asuntos El\u00e9ctricos del Partido Fuerza del Pueblo, (FP) Juan G\u00f3mez, asegur\u00f3 que el expresidente Leonel Fern\u00e1ndez no privatiz\u00f3 las empresas el\u00e9ctricas estatales, como se ha sostenido durante a\u00f1os, sino que implement\u00f3 un modelo de capitalizaci\u00f3n para rescatar un sistema que enfrentaba graves deficiencias. Durante una entrevista en el programa \u201cHabla [\u2026]<\/div>\n","protected":false},"excerpt":{"rendered":"<p>Santo Domingo.\u2013 El secretario de Asuntos El\u00e9ctricos del Partido Fuerza del Pueblo, (FP) Juan G\u00f3mez, asegur\u00f3 que el expresidente Leonel Fern\u00e1ndez no privatiz\u00f3 las empresas el\u00e9ctricas estatales, como se ha&hellip; <\/p>\n","protected":false},"author":1,"featured_media":0,"comment_status":"closed","ping_status":"closed","sticky":false,"template":"","format":"standard","meta":{"fifu_image_url":"","fifu_image_alt":"","footnotes":""},"categories":[17],"tags":[],"class_list":["post-7619","post","type-post","status-publish","format-standard","hentry","category-politica"],"_links":{"self":[{"href":"https:\/\/elmundodelapolitica.com\/v1\/wp-json\/wp\/v2\/posts\/7619","targetHints":{"allow":["GET"]}}],"collection":[{"href":"https:\/\/elmundodelapolitica.com\/v1\/wp-json\/wp\/v2\/posts"}],"about":[{"href":"https:\/\/elmundodelapolitica.com\/v1\/wp-json\/wp\/v2\/types\/post"}],"author":[{"embeddable":true,"href":"https:\/\/elmundodelapolitica.com\/v1\/wp-json\/wp\/v2\/users\/1"}],"replies":[{"embeddable":true,"href":"https:\/\/elmundodelapolitica.com\/v1\/wp-json\/wp\/v2\/comments?post=7619"}],"version-history":[{"count":0,"href":"https:\/\/elmundodelapolitica.com\/v1\/wp-json\/wp\/v2\/posts\/7619\/revisions"}],"wp:attachment":[{"href":"https:\/\/elmundodelapolitica.com\/v1\/wp-json\/wp\/v2\/media?parent=7619"}],"wp:term":[{"taxonomy":"category","embeddable":true,"href":"https:\/\/elmundodelapolitica.com\/v1\/wp-json\/wp\/v2\/categories?post=7619"},{"taxonomy":"post_tag","embeddable":true,"href":"https:\/\/elmundodelapolitica.com\/v1\/wp-json\/wp\/v2\/tags?post=7619"}],"curies":[{"name":"wp","href":"https:\/\/api.w.org\/{rel}","templated":true}]}}