{"id":7618,"date":"2026-02-10T03:03:19","date_gmt":"2026-02-10T07:03:19","guid":{"rendered":"https:\/\/elmundodelapolitica.com\/v1\/direccion-del-prm-revisara-denuncias-de-cancelaciones-masivas-y-cobros-irregulares-afirma-carolina-mejia\/"},"modified":"2026-02-10T03:03:19","modified_gmt":"2026-02-10T07:03:19","slug":"direccion-del-prm-revisara-denuncias-de-cancelaciones-masivas-y-cobros-irregulares-afirma-carolina-mejia","status":"publish","type":"post","link":"https:\/\/elmundodelapolitica.com\/v1\/direccion-del-prm-revisara-denuncias-de-cancelaciones-masivas-y-cobros-irregulares-afirma-carolina-mejia\/","title":{"rendered":"Direcci\u00f3n del PRM revisar\u00e1 denuncias de cancelaciones masivas y cobros irregulares, afirma Carolina Mej\u00eda"},"content":{"rendered":"<div>Santo Domingo\u2014 La secretaria general del Partido Revolucionario Moderno (PRM), Carolina Mej\u00eda, inform\u00f3 que la direcci\u00f3n ejecutiva de esa organizaci\u00f3n se reunir\u00e1 este martes con el objetivo de analizar diversos temas institucionales, entre ellos las denuncias sobre supuestas cancelaciones masivas y cobros irregulares a empleados de distintas instituciones p\u00fablicas, presuntamente destinados como aportes a partidos [\u2026]<\/div>\n","protected":false},"excerpt":{"rendered":"<p>Santo Domingo\u2014 La secretaria general del Partido Revolucionario Moderno (PRM), Carolina Mej\u00eda, inform\u00f3 que la direcci\u00f3n ejecutiva de esa organizaci\u00f3n se reunir\u00e1 este martes con el objetivo de analizar diversos&hellip; <\/p>\n","protected":false},"author":1,"featured_media":0,"comment_status":"closed","ping_status":"closed","sticky":false,"template":"","format":"standard","meta":{"fifu_image_url":"","fifu_image_alt":"","footnotes":""},"categories":[17],"tags":[],"class_list":["post-7618","post","type-post","status-publish","format-standard","hentry","category-politica"],"_links":{"self":[{"href":"https:\/\/elmundodelapolitica.com\/v1\/wp-json\/wp\/v2\/posts\/7618","targetHints":{"allow":["GET"]}}],"collection":[{"href":"https:\/\/elmundodelapolitica.com\/v1\/wp-json\/wp\/v2\/posts"}],"about":[{"href":"https:\/\/elmundodelapolitica.com\/v1\/wp-json\/wp\/v2\/types\/post"}],"author":[{"embeddable":true,"href":"https:\/\/elmundodelapolitica.com\/v1\/wp-json\/wp\/v2\/users\/1"}],"replies":[{"embeddable":true,"href":"https:\/\/elmundodelapolitica.com\/v1\/wp-json\/wp\/v2\/comments?post=7618"}],"version-history":[{"count":0,"href":"https:\/\/elmundodelapolitica.com\/v1\/wp-json\/wp\/v2\/posts\/7618\/revisions"}],"wp:attachment":[{"href":"https:\/\/elmundodelapolitica.com\/v1\/wp-json\/wp\/v2\/media?parent=7618"}],"wp:term":[{"taxonomy":"category","embeddable":true,"href":"https:\/\/elmundodelapolitica.com\/v1\/wp-json\/wp\/v2\/categories?post=7618"},{"taxonomy":"post_tag","embeddable":true,"href":"https:\/\/elmundodelapolitica.com\/v1\/wp-json\/wp\/v2\/tags?post=7618"}],"curies":[{"name":"wp","href":"https:\/\/api.w.org\/{rel}","templated":true}]}}