{"id":7558,"date":"2026-01-31T03:03:20","date_gmt":"2026-01-31T07:03:20","guid":{"rendered":"https:\/\/elmundodelapolitica.com\/v1\/prm-rendira-honras-funebres-y-guardia-de-honor-a-ramon-alburquerque-este-domingo\/"},"modified":"2026-01-31T03:03:20","modified_gmt":"2026-01-31T07:03:20","slug":"prm-rendira-honras-funebres-y-guardia-de-honor-a-ramon-alburquerque-este-domingo","status":"publish","type":"post","link":"https:\/\/elmundodelapolitica.com\/v1\/prm-rendira-honras-funebres-y-guardia-de-honor-a-ramon-alburquerque-este-domingo\/","title":{"rendered":"PRM rendir\u00e1 honras f\u00fanebres y guardia de honor a Ram\u00f3n Alburquerque este domingo"},"content":{"rendered":"<div>Santo Domingo. El Partido Revolucionario Moderno (PRM) rendir\u00e1 este domingo 1 de febrero honras f\u00fanebres y guardia de honor a Ram\u00f3n Alburquerque Ram\u00edrez, destacado fundador y dirigente de esa organizaci\u00f3n pol\u00edtica. El acto solemne para despedir al tambi\u00e9n exsenador, quien falleci\u00f3 este viernes a los 76 a\u00f1os de edad en una cl\u00ednica de la capital, [\u2026]<\/div>\n","protected":false},"excerpt":{"rendered":"<p>Santo Domingo. El Partido Revolucionario Moderno (PRM) rendir\u00e1 este domingo 1 de febrero honras f\u00fanebres y guardia de honor a Ram\u00f3n Alburquerque Ram\u00edrez, destacado fundador y dirigente de esa organizaci\u00f3n&hellip; <\/p>\n","protected":false},"author":1,"featured_media":0,"comment_status":"closed","ping_status":"closed","sticky":false,"template":"","format":"standard","meta":{"fifu_image_url":"","fifu_image_alt":"","footnotes":""},"categories":[17],"tags":[],"class_list":["post-7558","post","type-post","status-publish","format-standard","hentry","category-politica"],"_links":{"self":[{"href":"https:\/\/elmundodelapolitica.com\/v1\/wp-json\/wp\/v2\/posts\/7558","targetHints":{"allow":["GET"]}}],"collection":[{"href":"https:\/\/elmundodelapolitica.com\/v1\/wp-json\/wp\/v2\/posts"}],"about":[{"href":"https:\/\/elmundodelapolitica.com\/v1\/wp-json\/wp\/v2\/types\/post"}],"author":[{"embeddable":true,"href":"https:\/\/elmundodelapolitica.com\/v1\/wp-json\/wp\/v2\/users\/1"}],"replies":[{"embeddable":true,"href":"https:\/\/elmundodelapolitica.com\/v1\/wp-json\/wp\/v2\/comments?post=7558"}],"version-history":[{"count":0,"href":"https:\/\/elmundodelapolitica.com\/v1\/wp-json\/wp\/v2\/posts\/7558\/revisions"}],"wp:attachment":[{"href":"https:\/\/elmundodelapolitica.com\/v1\/wp-json\/wp\/v2\/media?parent=7558"}],"wp:term":[{"taxonomy":"category","embeddable":true,"href":"https:\/\/elmundodelapolitica.com\/v1\/wp-json\/wp\/v2\/categories?post=7558"},{"taxonomy":"post_tag","embeddable":true,"href":"https:\/\/elmundodelapolitica.com\/v1\/wp-json\/wp\/v2\/tags?post=7558"}],"curies":[{"name":"wp","href":"https:\/\/api.w.org\/{rel}","templated":true}]}}