{"id":7557,"date":"2026-01-31T03:03:20","date_gmt":"2026-01-31T07:03:20","guid":{"rendered":"https:\/\/elmundodelapolitica.com\/v1\/ramon-alburquerque-el-ingeniero-de-las-grandes-leyes-y-una-vida-dedicada-al-poder-legislativo\/"},"modified":"2026-01-31T03:03:20","modified_gmt":"2026-01-31T07:03:20","slug":"ramon-alburquerque-el-ingeniero-de-las-grandes-leyes-y-una-vida-dedicada-al-poder-legislativo","status":"publish","type":"post","link":"https:\/\/elmundodelapolitica.com\/v1\/ramon-alburquerque-el-ingeniero-de-las-grandes-leyes-y-una-vida-dedicada-al-poder-legislativo\/","title":{"rendered":"Ram\u00f3n Alburquerque: el ingeniero de las grandes leyes y una vida dedicada al poder legislativo"},"content":{"rendered":"<div>Ram\u00f3n Alburquerque naci\u00f3 el 5 de junio de 1949. Fue senador por Monte Plata por 16 a\u00f1os seguidos, desde el 1990 hasta el 2006 y se desempe\u00f1\u00f3 como presidente del Senado por tres per\u00edodos consecutivos. Tambi\u00e9n fue presidente del Partido Revolucionario Dominicano (PRD) del 2005 al 2009. Alburquerque falleci\u00f3 este viernes 30 de enero luego [\u2026]<\/div>\n","protected":false},"excerpt":{"rendered":"<p>Ram\u00f3n Alburquerque naci\u00f3 el 5 de junio de 1949. Fue senador por Monte Plata por 16 a\u00f1os seguidos, desde el 1990 hasta el 2006 y se desempe\u00f1\u00f3 como presidente del&hellip; <\/p>\n","protected":false},"author":1,"featured_media":0,"comment_status":"closed","ping_status":"closed","sticky":false,"template":"","format":"standard","meta":{"fifu_image_url":"","fifu_image_alt":"","footnotes":""},"categories":[17],"tags":[],"class_list":["post-7557","post","type-post","status-publish","format-standard","hentry","category-politica"],"_links":{"self":[{"href":"https:\/\/elmundodelapolitica.com\/v1\/wp-json\/wp\/v2\/posts\/7557","targetHints":{"allow":["GET"]}}],"collection":[{"href":"https:\/\/elmundodelapolitica.com\/v1\/wp-json\/wp\/v2\/posts"}],"about":[{"href":"https:\/\/elmundodelapolitica.com\/v1\/wp-json\/wp\/v2\/types\/post"}],"author":[{"embeddable":true,"href":"https:\/\/elmundodelapolitica.com\/v1\/wp-json\/wp\/v2\/users\/1"}],"replies":[{"embeddable":true,"href":"https:\/\/elmundodelapolitica.com\/v1\/wp-json\/wp\/v2\/comments?post=7557"}],"version-history":[{"count":0,"href":"https:\/\/elmundodelapolitica.com\/v1\/wp-json\/wp\/v2\/posts\/7557\/revisions"}],"wp:attachment":[{"href":"https:\/\/elmundodelapolitica.com\/v1\/wp-json\/wp\/v2\/media?parent=7557"}],"wp:term":[{"taxonomy":"category","embeddable":true,"href":"https:\/\/elmundodelapolitica.com\/v1\/wp-json\/wp\/v2\/categories?post=7557"},{"taxonomy":"post_tag","embeddable":true,"href":"https:\/\/elmundodelapolitica.com\/v1\/wp-json\/wp\/v2\/tags?post=7557"}],"curies":[{"name":"wp","href":"https:\/\/api.w.org\/{rel}","templated":true}]}}