{"id":7556,"date":"2026-01-31T03:03:19","date_gmt":"2026-01-31T07:03:19","guid":{"rendered":"https:\/\/elmundodelapolitica.com\/v1\/fallece-a-los-76-anos-ramon-alburquerque\/"},"modified":"2026-01-31T03:03:19","modified_gmt":"2026-01-31T07:03:19","slug":"fallece-a-los-76-anos-ramon-alburquerque","status":"publish","type":"post","link":"https:\/\/elmundodelapolitica.com\/v1\/fallece-a-los-76-anos-ramon-alburquerque\/","title":{"rendered":"Fallece a los 76 a\u00f1os Ram\u00f3n Alburquerque"},"content":{"rendered":"<div>Falleci\u00f3 este viernes en un centro m\u00e9dico de la capital el ingeniero Ram\u00f3n Alburquerque, exaspirante presidencial, exministro y destacado dirigente del Partido Revolucionario Moderno (PRM), tras enfrentar un delicado cuadro de salud relacionado con un c\u00e1ncer El deceso del veterano dirigente pol\u00edtico, de 76 a\u00f1os, se produjo luego de varios meses de complicaciones m\u00e9dicas derivadas [\u2026]<\/div>\n","protected":false},"excerpt":{"rendered":"<p>Falleci\u00f3 este viernes en un centro m\u00e9dico de la capital el ingeniero Ram\u00f3n Alburquerque, exaspirante presidencial, exministro y destacado dirigente del Partido Revolucionario Moderno (PRM), tras enfrentar un delicado cuadro&hellip; <\/p>\n","protected":false},"author":1,"featured_media":0,"comment_status":"closed","ping_status":"closed","sticky":false,"template":"","format":"standard","meta":{"fifu_image_url":"","fifu_image_alt":"","footnotes":""},"categories":[17],"tags":[],"class_list":["post-7556","post","type-post","status-publish","format-standard","hentry","category-politica"],"_links":{"self":[{"href":"https:\/\/elmundodelapolitica.com\/v1\/wp-json\/wp\/v2\/posts\/7556","targetHints":{"allow":["GET"]}}],"collection":[{"href":"https:\/\/elmundodelapolitica.com\/v1\/wp-json\/wp\/v2\/posts"}],"about":[{"href":"https:\/\/elmundodelapolitica.com\/v1\/wp-json\/wp\/v2\/types\/post"}],"author":[{"embeddable":true,"href":"https:\/\/elmundodelapolitica.com\/v1\/wp-json\/wp\/v2\/users\/1"}],"replies":[{"embeddable":true,"href":"https:\/\/elmundodelapolitica.com\/v1\/wp-json\/wp\/v2\/comments?post=7556"}],"version-history":[{"count":0,"href":"https:\/\/elmundodelapolitica.com\/v1\/wp-json\/wp\/v2\/posts\/7556\/revisions"}],"wp:attachment":[{"href":"https:\/\/elmundodelapolitica.com\/v1\/wp-json\/wp\/v2\/media?parent=7556"}],"wp:term":[{"taxonomy":"category","embeddable":true,"href":"https:\/\/elmundodelapolitica.com\/v1\/wp-json\/wp\/v2\/categories?post=7556"},{"taxonomy":"post_tag","embeddable":true,"href":"https:\/\/elmundodelapolitica.com\/v1\/wp-json\/wp\/v2\/tags?post=7556"}],"curies":[{"name":"wp","href":"https:\/\/api.w.org\/{rel}","templated":true}]}}