{"id":7543,"date":"2026-01-29T20:22:32","date_gmt":"2026-01-30T00:22:32","guid":{"rendered":"https:\/\/elmundodelapolitica.com\/v1\/?p=7543"},"modified":"2026-01-29T20:22:33","modified_gmt":"2026-01-30T00:22:33","slug":"jovenes-del-pld-denuncian-juventud-dominicana-sufre-abandono-y-desprecio-durante-gobierno-del-prm","status":"publish","type":"post","link":"https:\/\/elmundodelapolitica.com\/v1\/jovenes-del-pld-denuncian-juventud-dominicana-sufre-abandono-y-desprecio-durante-gobierno-del-prm\/","title":{"rendered":"J\u00f3venes del PLD denuncian juventud dominicana sufre abandono y desprecio durante gobierno del PRM"},"content":{"rendered":"\n<p>J\u00f3venes del Partido de la Liberaci\u00f3n Dominicana (PLD) denunciaron el abandono, la exclusi\u00f3n y la falta de oportunidades que, aseguraron, sufre la juventud dominicana bajo la gesti\u00f3n del Partido Revolucionario Moderno (PRM), y exigieron pol\u00edticas p\u00fablicas integrales.<\/p>\n\n\n\n<p>La protesta se enmarca en la conmemoraci\u00f3n del natalicio de Juan Pablo Duarte y a pocos d\u00edas del D\u00eda Nacional de la Juventud, seg\u00fan expusieron los j\u00f3venes del partido.<\/p>\n\n\n\n<p>\u201cExigimos la implementaci\u00f3n urgente de pol\u00edticas p\u00fablicas integrales que garanticen empleo, educaci\u00f3n, salud y protecci\u00f3n social\u201d, dijo Carolina Wegmuller, secretaria de la Juventud del PLD.<\/p>\n\n\n\n<p>Los j\u00f3venes pidieron la adopci\u00f3n de una Estrategia Nacional de Juventud con metas claras, presupuesto definido e indicadores verificables.<\/p>\n\n\n\n<p>Indicaron que la estrategia debe priorizar el empleo juvenil, la educaci\u00f3n, la salud mental, el apoyo a emprendedores y la protecci\u00f3n social.<\/p>\n\n\n\n<h2 class=\"wp-block-heading\" id=\"h-demandas-y-prioridades-planteadas\">Demandas y prioridades planteadas<\/h2>\n\n\n\n<p>Reclamaron que la estrategia incluya un presupuesto asignado y mecanismos de seguimiento para verificar el cumplimiento de metas.<\/p>\n\n\n\n<p>Solicitaron que las pol\u00edticas p\u00fablicas contemplen programas espec\u00edficos para la inserci\u00f3n laboral de j\u00f3venes y el fortalecimiento de capacidades emprendedoras.<\/p>\n\n\n\n<p>Mencionaron la necesidad de atenci\u00f3n en salud mental como componente esencial de las pol\u00edticas dirigidas a la juventud.<\/p>\n\n\n\n<p>Pidieron tambi\u00e9n medidas de protecci\u00f3n social que reduzcan la vulnerabilidad de j\u00f3venes en situaci\u00f3n de exclusi\u00f3n.<\/p>\n\n\n\n<p>Los planteamientos fueron presentados como exigencias al Gobierno para revertir, seg\u00fan ellos, la situaci\u00f3n de abandono y desprecio que atribuyen a la actual gesti\u00f3n.<\/p>\n","protected":false},"excerpt":{"rendered":"<p>J\u00f3venes del Partido de la Liberaci\u00f3n Dominicana (PLD) denunciaron el abandono, la exclusi\u00f3n y la falta de oportunidades que, aseguraron, sufre la juventud dominicana bajo la gesti\u00f3n del Partido Revolucionario&hellip; <\/p>\n","protected":false},"author":1,"featured_media":7545,"comment_status":"closed","ping_status":"closed","sticky":false,"template":"","format":"standard","meta":{"fifu_image_url":"https:\/\/img.mmc.com.do\/cdn-bucket\/uploads\/2026\/01\/Carolina-Wegmuller-PORT-CDN.jpg","fifu_image_alt":"","footnotes":""},"categories":[10],"tags":[],"class_list":["post-7543","post","type-post","status-publish","format-standard","has-post-thumbnail","hentry","category-marketing-politico"],"_links":{"self":[{"href":"https:\/\/elmundodelapolitica.com\/v1\/wp-json\/wp\/v2\/posts\/7543","targetHints":{"allow":["GET"]}}],"collection":[{"href":"https:\/\/elmundodelapolitica.com\/v1\/wp-json\/wp\/v2\/posts"}],"about":[{"href":"https:\/\/elmundodelapolitica.com\/v1\/wp-json\/wp\/v2\/types\/post"}],"author":[{"embeddable":true,"href":"https:\/\/elmundodelapolitica.com\/v1\/wp-json\/wp\/v2\/users\/1"}],"replies":[{"embeddable":true,"href":"https:\/\/elmundodelapolitica.com\/v1\/wp-json\/wp\/v2\/comments?post=7543"}],"version-history":[{"count":1,"href":"https:\/\/elmundodelapolitica.com\/v1\/wp-json\/wp\/v2\/posts\/7543\/revisions"}],"predecessor-version":[{"id":7544,"href":"https:\/\/elmundodelapolitica.com\/v1\/wp-json\/wp\/v2\/posts\/7543\/revisions\/7544"}],"wp:featuredmedia":[{"embeddable":true,"href":"https:\/\/elmundodelapolitica.com\/v1\/wp-json\/wp\/v2\/media\/7545"}],"wp:attachment":[{"href":"https:\/\/elmundodelapolitica.com\/v1\/wp-json\/wp\/v2\/media?parent=7543"}],"wp:term":[{"taxonomy":"category","embeddable":true,"href":"https:\/\/elmundodelapolitica.com\/v1\/wp-json\/wp\/v2\/categories?post=7543"},{"taxonomy":"post_tag","embeddable":true,"href":"https:\/\/elmundodelapolitica.com\/v1\/wp-json\/wp\/v2\/tags?post=7543"}],"curies":[{"name":"wp","href":"https:\/\/api.w.org\/{rel}","templated":true}]}}