{"id":7525,"date":"2026-01-29T10:51:56","date_gmt":"2026-01-29T14:51:56","guid":{"rendered":"https:\/\/elmundodelapolitica.com\/v1\/homenaje-a-duarte-en-aniversario-natalicio\/"},"modified":"2026-01-29T10:51:56","modified_gmt":"2026-01-29T14:51:56","slug":"homenaje-a-duarte-en-aniversario-natalicio","status":"publish","type":"post","link":"https:\/\/elmundodelapolitica.com\/v1\/homenaje-a-duarte-en-aniversario-natalicio\/","title":{"rendered":"Homenaje a Duarte en aniversario natalicio"},"content":{"rendered":"<div>\n<p>Por: Miguel Acevedo<\/p>\n<p>BOGOT\u00c1, Colombia.- La Embajada y el Consulado General de la Rep\u00fablica Dominicana en Colombia, rindieron homenaje al Padre de la Patria dominicana, Juan Pablo Duarte y Diez, en un acto celebrado en la Embajada de la Rep\u00fablica Dominicana, de Bogot\u00e1, el 26 de enero, al cumplirse 213 aniversario de su natalicio.<\/p>\n<div class=\"wp-block-image\">\n<figure data-wp-context='{\"imageId\":\"697beffebacc6\"}' data-wp-interactive=\"core\/image\" data-wp-key=\"697beffebacc6\" class=\"aligncenter size-full wp-lightbox-container\"><img loading=\"lazy\" decoding=\"async\" width=\"960\" height=\"540\" data-wp-class--hide=\"state.isContentHidden\" data-wp-class--show=\"state.isContentVisible\" data-wp-init=\"callbacks.setButtonStyles\" data-wp-on--click=\"actions.showLightbox\" data-wp-on--load=\"callbacks.setButtonStyles\" data-wp-on-window--resize=\"callbacks.setButtonStyles\" src=\"https:\/\/elmundodelosnegocios.com.do\/v1\/wp-content\/uploads\/2026\/01\/IMG-20260129-WA0000.jpg\" alt=\"\" class=\"wp-image-75807\" srcset=\"https:\/\/elmundodelosnegocios.com.do\/v1\/wp-content\/uploads\/2026\/01\/IMG-20260129-WA0000.jpg 960w, https:\/\/elmundodelosnegocios.com.do\/v1\/wp-content\/uploads\/2026\/01\/IMG-20260129-WA0000-300x169.jpg 300w, https:\/\/elmundodelosnegocios.com.do\/v1\/wp-content\/uploads\/2026\/01\/IMG-20260129-WA0000-768x432.jpg 768w\" sizes=\"auto, (max-width: 960px) 100vw, 960px\"><button class=\"lightbox-trigger\" type=\"button\" aria-haspopup=\"dialog\" aria-label=\"Agrandar\" data-wp-init=\"callbacks.initTriggerButton\" data-wp-on--click=\"actions.showLightbox\" data-wp-style--right=\"state.imageButtonRight\" data-wp-style--top=\"state.imageButtonTop\"><br \/>\n\t\t\t<svg xmlns=\"http:\/\/www.w3.org\/2000\/svg\" width=\"12\" height=\"12\" fill=\"none\" viewbox=\"0 0 12 12\">\n\t\t\t\t<path fill=\"#fff\" d=\"M2 0a2 2 0 0 0-2 2v2h1.5V2a.5.5 0 0 1 .5-.5h2V0H2Zm2 10.5H2a.5.5 0 0 1-.5-.5V8H0v2a2 2 0 0 0 2 2h2v-1.5ZM8 12v-1.5h2a.5.5 0 0 0 .5-.5V8H12v2a2 2 0 0 1-2 2H8Zm2-12a2 2 0 0 1 2 2v2h-1.5V2a.5.5 0 0 0-.5-.5H8V0h2Z\"><\/path>\n\t\t\t<\/svg><br \/>\n\t\t<\/button><\/figure>\n<\/div>\n<p>El evento fue dedicado al ide\u00f3logo y fundador de la Rep\u00fablica Dominicana, para recordar la vida y obra del nuestro pr\u00f3cer, en el mismo se deposit\u00f3 una ofrenda floral y cont\u00f3 con la participaron de honorables miembros del cuerpo diplom\u00e1tico acreditado de la embajada y el consulado dominicano en Bogot\u00e1, encabezado por el Excelent\u00edsimo embajador Felix Aracena Vargas y esposa Mercedes Altagracia Aybar y el Honorable C\u00f3nsul General Cesar Santiago Rutinel Dom\u00ednguez (Tonty Rutinel) y esposa Carmen Nunez y una nutrida representaci\u00f3n de personalidades dominicanas y colombianas.<\/p>\n<p>Las palabras de bienvenida al acto oficial dedicado al patricio Juan Pablo Duarte, estuvieron a cargo de la\u00a0<\/p>\n<p>La escritora Martina Soriano, vice c\u00f3nsul dominicana en Bogot\u00e1 Colombia, quien habl\u00f3 brevemente del compromiso de Juan Pablo Duarte, con la independencia y la soberan\u00eda nacional e hizo un llamado a continuar los ideales que \u00e9l defendi\u00f3 y a continuar su legado.<\/p>\n<p>Las palabras principales, sobre nuestro ilustre patriota dominicano, estuvieron a cargo del Embajador Dr. Felix Aracena Vargas, quien habl\u00f3 de la obra de nuestro pr\u00f3cer nacional, del impacto y grandeza de su pensamiento nacionalista y sus idales libertarios, que lo llevaron a crear la Sociedad Secreta la Trinitaria, desde donde se gesto el movimiento que condujo, a la proclamacion de la independencia nacional, el 27 de febrero de 1844. Terminando as\u00ed, con 22 a\u00f1os de dominaci\u00f3n haitiana.<\/p>\n<\/div>\n","protected":false},"excerpt":{"rendered":"<p>Por: Miguel Acevedo BOGOT\u00c1, Colombia.- La Embajada y el Consulado General de la Rep\u00fablica Dominicana en Colombia, rindieron homenaje al Padre de la Patria dominicana, Juan Pablo Duarte y Diez,&hellip; <\/p>\n","protected":false},"author":2,"featured_media":7526,"comment_status":"closed","ping_status":"closed","sticky":false,"template":"","format":"standard","meta":{"fifu_image_url":"https:\/\/elmundodelosnegocios.com.do\/v1\/wp-content\/uploads\/2026\/01\/IMG-20260129-WA0000.jpg","fifu_image_alt":"Homenaje a Duarte en aniversario natalicio","footnotes":""},"categories":[52],"tags":[],"class_list":["post-7525","post","type-post","status-publish","format-standard","has-post-thumbnail","hentry","category-cultura"],"_links":{"self":[{"href":"https:\/\/elmundodelapolitica.com\/v1\/wp-json\/wp\/v2\/posts\/7525","targetHints":{"allow":["GET"]}}],"collection":[{"href":"https:\/\/elmundodelapolitica.com\/v1\/wp-json\/wp\/v2\/posts"}],"about":[{"href":"https:\/\/elmundodelapolitica.com\/v1\/wp-json\/wp\/v2\/types\/post"}],"author":[{"embeddable":true,"href":"https:\/\/elmundodelapolitica.com\/v1\/wp-json\/wp\/v2\/users\/2"}],"replies":[{"embeddable":true,"href":"https:\/\/elmundodelapolitica.com\/v1\/wp-json\/wp\/v2\/comments?post=7525"}],"version-history":[{"count":0,"href":"https:\/\/elmundodelapolitica.com\/v1\/wp-json\/wp\/v2\/posts\/7525\/revisions"}],"wp:featuredmedia":[{"embeddable":true,"href":"https:\/\/elmundodelapolitica.com\/v1\/wp-json\/wp\/v2\/media\/7526"}],"wp:attachment":[{"href":"https:\/\/elmundodelapolitica.com\/v1\/wp-json\/wp\/v2\/media?parent=7525"}],"wp:term":[{"taxonomy":"category","embeddable":true,"href":"https:\/\/elmundodelapolitica.com\/v1\/wp-json\/wp\/v2\/categories?post=7525"},{"taxonomy":"post_tag","embeddable":true,"href":"https:\/\/elmundodelapolitica.com\/v1\/wp-json\/wp\/v2\/tags?post=7525"}],"curies":[{"name":"wp","href":"https:\/\/api.w.org\/{rel}","templated":true}]}}