{"id":7508,"date":"2026-01-29T20:14:05","date_gmt":"2026-01-30T00:14:05","guid":{"rendered":"https:\/\/elmundodelapolitica.com\/v1\/?p=7508"},"modified":"2026-01-29T20:14:06","modified_gmt":"2026-01-30T00:14:06","slug":"pld-estudia-protocolo-para-aspiraciones-presidenciales-de-cara-al-2028","status":"publish","type":"post","link":"https:\/\/elmundodelapolitica.com\/v1\/pld-estudia-protocolo-para-aspiraciones-presidenciales-de-cara-al-2028\/","title":{"rendered":"PLD estudia protocolo para aspiraciones presidenciales de cara al 2028"},"content":{"rendered":"<p><img loading=\"lazy\" decoding=\"async\" class=\"attachment-post-thumbnail size-post-thumbnail wp-post-image\" style=\"float: left; margin: 0 15px 15px 0;\" src=\"https:\/\/elmundodelapolitica.com\/v1\/wp-content\/uploads\/2026\/01\/WhatsApp-Image-2026-01-28-at-13236-PM.jpeg\" sizes=\"auto, (max-width: 828px) 100vw, 828px\" srcset=\"https:\/\/elmundodelapolitica.com\/v1\/wp-content\/uploads\/2026\/01\/WhatsApp-Image-2026-01-28-at-13236-PM.jpeg 828w, https:\/\/proceso.com.do\/wp-content\/uploads\/2026\/01\/WhatsApp-Image-2026-01-28-at-1.32.36-PM-768x418.jpeg 768w\" alt=\"\" width=\"828\" height=\"451\" \/><\/p>\n<p>Rep\u00fablica Dominicana-El presidente del Partido de la Liberaci\u00f3n Dominicana, Danilo Medina, encabeza este mi\u00e9rcoles la primera reuni\u00f3n ordinaria del Comit\u00e9 Pol\u00edtico de esa organizaci\u00f3n este a\u00f1o, con el conocimiento y debate de un protocolo para las aspiraciones presidenciales, como principal tema de agenda.<\/p>\n<p>\u201cUstedes conocen que hay una comisi\u00f3n que ha estado trabajando con los compa\u00f1eros que han dicho p\u00fablicamente que aspiran a la candidatura presidencial y para eso se ha preparado un protocolo\u201d.<\/p>\n<p>El secretario de Comunicaciones de ese opositor partido, H\u00e9ctor Olivo, precis\u00f3 que, el itinerario de este encuentro fue propuesto por el expresidente Medina.<\/p>\n<p>La reuni\u00f3n inici\u00f3 con la asistencia de 44 miembros, de una matr\u00edcula de 52 y el primer tema tratado fue la coyuntura econ\u00f3mica actual.<\/p>\n<p>\u201cPero la reuni\u00f3n empez\u00f3 con un informe de coyuntura econ\u00f3mica que est\u00e1 leyendo el compa\u00f1ero Luis Reyes, que es el secretario de Asuntos Econ\u00f3micos, es un tema para conocimiento de la direcci\u00f3n del partido, para fijar posici\u00f3n tomar posiciones de tipo pol\u00edtico y tambi\u00e9n de tipo financiero\u201d.<\/p>\n<p>Olivo indic\u00f3 que, enviaron sus excusas Juan Ariel Jim\u00e9nez, Jaime David Fern\u00e1ndez, Andr\u00e9s Navarro, Charles Mariotti y Najib Chaede.<\/p>\n","protected":false},"excerpt":{"rendered":"<p>Rep\u00fablica Dominicana-El presidente del Partido de la Liberaci\u00f3n Dominicana, Danilo Medina, encabeza este mi\u00e9rcoles la primera reuni\u00f3n ordinaria del Comit\u00e9 Pol\u00edtico de esa organizaci\u00f3n este a\u00f1o, con el conocimiento y&hellip; <\/p>\n","protected":false},"author":1,"featured_media":7516,"comment_status":"closed","ping_status":"closed","sticky":false,"template":"","format":"standard","meta":{"fifu_image_url":"https:\/\/proceso.com.do\/wp-content\/uploads\/2026\/01\/WhatsApp-Image-2026-01-28-at-1.32.36-PM-650x400.webp","fifu_image_alt":"","footnotes":""},"categories":[12],"tags":[],"class_list":["post-7508","post","type-post","status-publish","format-standard","has-post-thumbnail","hentry","category-agenda-politica"],"_links":{"self":[{"href":"https:\/\/elmundodelapolitica.com\/v1\/wp-json\/wp\/v2\/posts\/7508","targetHints":{"allow":["GET"]}}],"collection":[{"href":"https:\/\/elmundodelapolitica.com\/v1\/wp-json\/wp\/v2\/posts"}],"about":[{"href":"https:\/\/elmundodelapolitica.com\/v1\/wp-json\/wp\/v2\/types\/post"}],"author":[{"embeddable":true,"href":"https:\/\/elmundodelapolitica.com\/v1\/wp-json\/wp\/v2\/users\/1"}],"replies":[{"embeddable":true,"href":"https:\/\/elmundodelapolitica.com\/v1\/wp-json\/wp\/v2\/comments?post=7508"}],"version-history":[{"count":1,"href":"https:\/\/elmundodelapolitica.com\/v1\/wp-json\/wp\/v2\/posts\/7508\/revisions"}],"predecessor-version":[{"id":7515,"href":"https:\/\/elmundodelapolitica.com\/v1\/wp-json\/wp\/v2\/posts\/7508\/revisions\/7515"}],"wp:featuredmedia":[{"embeddable":true,"href":"https:\/\/elmundodelapolitica.com\/v1\/wp-json\/wp\/v2\/media\/7516"}],"wp:attachment":[{"href":"https:\/\/elmundodelapolitica.com\/v1\/wp-json\/wp\/v2\/media?parent=7508"}],"wp:term":[{"taxonomy":"category","embeddable":true,"href":"https:\/\/elmundodelapolitica.com\/v1\/wp-json\/wp\/v2\/categories?post=7508"},{"taxonomy":"post_tag","embeddable":true,"href":"https:\/\/elmundodelapolitica.com\/v1\/wp-json\/wp\/v2\/tags?post=7508"}],"curies":[{"name":"wp","href":"https:\/\/api.w.org\/{rel}","templated":true}]}}