{"id":7476,"date":"2026-01-23T03:03:24","date_gmt":"2026-01-23T07:03:24","guid":{"rendered":"https:\/\/elmundodelapolitica.com\/v1\/mucha-espuma-y-poco-chocolate-fp-denuncia-abandono-del-teleferico-de-puerto-plata\/"},"modified":"2026-01-23T03:03:24","modified_gmt":"2026-01-23T07:03:24","slug":"mucha-espuma-y-poco-chocolate-fp-denuncia-abandono-del-teleferico-de-puerto-plata","status":"publish","type":"post","link":"https:\/\/elmundodelapolitica.com\/v1\/mucha-espuma-y-poco-chocolate-fp-denuncia-abandono-del-teleferico-de-puerto-plata\/","title":{"rendered":"\u201cMucha espuma y poco chocolate\u201d: FP denuncia abandono del telef\u00e9rico de Puerto Plata"},"content":{"rendered":"<div>Puerto Plata.\u2013 El miembro de la Direcci\u00f3n Pol\u00edtica y secretario de Asuntos Tur\u00edsticos de la Fuerza del Pueblo, Francis Vargas, denunci\u00f3 este jueves que el telef\u00e9rico de la Loma Isabel de Torres, uno de los principales atractivos tur\u00edsticos de la provincia de Puerto Plata, lleva m\u00e1s de un a\u00f1o sin operar. Vargas sostuvo que las [\u2026]<\/div>\n","protected":false},"excerpt":{"rendered":"<p>Puerto Plata.\u2013 El miembro de la Direcci\u00f3n Pol\u00edtica y secretario de Asuntos Tur\u00edsticos de la Fuerza del Pueblo, Francis Vargas, denunci\u00f3 este jueves que el telef\u00e9rico de la Loma Isabel&hellip; <\/p>\n","protected":false},"author":1,"featured_media":0,"comment_status":"closed","ping_status":"closed","sticky":false,"template":"","format":"standard","meta":{"fifu_image_url":"","fifu_image_alt":"","footnotes":""},"categories":[17],"tags":[],"class_list":["post-7476","post","type-post","status-publish","format-standard","hentry","category-politica"],"_links":{"self":[{"href":"https:\/\/elmundodelapolitica.com\/v1\/wp-json\/wp\/v2\/posts\/7476","targetHints":{"allow":["GET"]}}],"collection":[{"href":"https:\/\/elmundodelapolitica.com\/v1\/wp-json\/wp\/v2\/posts"}],"about":[{"href":"https:\/\/elmundodelapolitica.com\/v1\/wp-json\/wp\/v2\/types\/post"}],"author":[{"embeddable":true,"href":"https:\/\/elmundodelapolitica.com\/v1\/wp-json\/wp\/v2\/users\/1"}],"replies":[{"embeddable":true,"href":"https:\/\/elmundodelapolitica.com\/v1\/wp-json\/wp\/v2\/comments?post=7476"}],"version-history":[{"count":0,"href":"https:\/\/elmundodelapolitica.com\/v1\/wp-json\/wp\/v2\/posts\/7476\/revisions"}],"wp:attachment":[{"href":"https:\/\/elmundodelapolitica.com\/v1\/wp-json\/wp\/v2\/media?parent=7476"}],"wp:term":[{"taxonomy":"category","embeddable":true,"href":"https:\/\/elmundodelapolitica.com\/v1\/wp-json\/wp\/v2\/categories?post=7476"},{"taxonomy":"post_tag","embeddable":true,"href":"https:\/\/elmundodelapolitica.com\/v1\/wp-json\/wp\/v2\/tags?post=7476"}],"curies":[{"name":"wp","href":"https:\/\/api.w.org\/{rel}","templated":true}]}}