{"id":7471,"date":"2026-01-21T03:02:58","date_gmt":"2026-01-21T07:02:58","guid":{"rendered":"https:\/\/elmundodelapolitica.com\/v1\/el-tema-etico-no-admite-dilaciones-advierte-guido-gomez-mazara-al-prm\/"},"modified":"2026-01-21T03:02:58","modified_gmt":"2026-01-21T07:02:58","slug":"el-tema-etico-no-admite-dilaciones-advierte-guido-gomez-mazara-al-prm","status":"publish","type":"post","link":"https:\/\/elmundodelapolitica.com\/v1\/el-tema-etico-no-admite-dilaciones-advierte-guido-gomez-mazara-al-prm\/","title":{"rendered":"\u201cEl tema \u00e9tico no admite dilaciones\u201d, advierte Guido G\u00f3mez Mazara al PRM"},"content":{"rendered":"<div>Santo Domingo. \u2013 El dirigente del Partido Revolucionario Moderno (PRM) y presidente del Instituto Dominicano de las Telecomunicaciones (Indotel), Guido G\u00f3mez Mazara, cuestion\u00f3 la lentitud de esa organizaci\u00f3n pol\u00edtica para reaccionar ante acusaciones relacionadas con el uso de fondos en campa\u00f1as electorales y advirti\u00f3 sobre el impacto negativo que estos se\u00f1alamientos tienen en la imagen [\u2026]<\/div>\n","protected":false},"excerpt":{"rendered":"<p>Santo Domingo. \u2013 El dirigente del Partido Revolucionario Moderno (PRM) y presidente del Instituto Dominicano de las Telecomunicaciones (Indotel), Guido G\u00f3mez Mazara, cuestion\u00f3 la lentitud de esa organizaci\u00f3n pol\u00edtica para&hellip; <\/p>\n","protected":false},"author":1,"featured_media":0,"comment_status":"closed","ping_status":"closed","sticky":false,"template":"","format":"standard","meta":{"fifu_image_url":"","fifu_image_alt":"","footnotes":""},"categories":[17],"tags":[],"class_list":["post-7471","post","type-post","status-publish","format-standard","hentry","category-politica"],"_links":{"self":[{"href":"https:\/\/elmundodelapolitica.com\/v1\/wp-json\/wp\/v2\/posts\/7471","targetHints":{"allow":["GET"]}}],"collection":[{"href":"https:\/\/elmundodelapolitica.com\/v1\/wp-json\/wp\/v2\/posts"}],"about":[{"href":"https:\/\/elmundodelapolitica.com\/v1\/wp-json\/wp\/v2\/types\/post"}],"author":[{"embeddable":true,"href":"https:\/\/elmundodelapolitica.com\/v1\/wp-json\/wp\/v2\/users\/1"}],"replies":[{"embeddable":true,"href":"https:\/\/elmundodelapolitica.com\/v1\/wp-json\/wp\/v2\/comments?post=7471"}],"version-history":[{"count":0,"href":"https:\/\/elmundodelapolitica.com\/v1\/wp-json\/wp\/v2\/posts\/7471\/revisions"}],"wp:attachment":[{"href":"https:\/\/elmundodelapolitica.com\/v1\/wp-json\/wp\/v2\/media?parent=7471"}],"wp:term":[{"taxonomy":"category","embeddable":true,"href":"https:\/\/elmundodelapolitica.com\/v1\/wp-json\/wp\/v2\/categories?post=7471"},{"taxonomy":"post_tag","embeddable":true,"href":"https:\/\/elmundodelapolitica.com\/v1\/wp-json\/wp\/v2\/tags?post=7471"}],"curies":[{"name":"wp","href":"https:\/\/api.w.org\/{rel}","templated":true}]}}