{"id":7468,"date":"2026-01-20T03:03:14","date_gmt":"2026-01-20T07:03:14","guid":{"rendered":"https:\/\/elmundodelapolitica.com\/v1\/ramon-alburquerque-se-encuentra-en-estado-de-salud-delicado-por-cancer-de-higado\/"},"modified":"2026-01-20T03:03:14","modified_gmt":"2026-01-20T07:03:14","slug":"ramon-alburquerque-se-encuentra-en-estado-de-salud-delicado-por-cancer-de-higado","status":"publish","type":"post","link":"https:\/\/elmundodelapolitica.com\/v1\/ramon-alburquerque-se-encuentra-en-estado-de-salud-delicado-por-cancer-de-higado\/","title":{"rendered":"Ram\u00f3n Alburquerque se encuentra en estado de salud delicado por c\u00e1ncer de h\u00edgado"},"content":{"rendered":"<div>Santo Domingo.\u2013 El entorno cercano del ingeniero Ram\u00f3n Alburquerque desminti\u00f3 las informaciones que circulaban en redes sociales sobre su presunto fallecimiento y revel\u00f3 que se encuentra enfrentando una dif\u00edcil batalla contra un c\u00e1ncer de h\u00edgado. Omar Wright, asistente personal del veterano dirigente pol\u00edtico, aclar\u00f3 que aunque su estado de salud es delicado, sigue con vida. [\u2026]<\/div>\n","protected":false},"excerpt":{"rendered":"<p>Santo Domingo.\u2013 El entorno cercano del ingeniero Ram\u00f3n Alburquerque desminti\u00f3 las informaciones que circulaban en redes sociales sobre su presunto fallecimiento y revel\u00f3 que se encuentra enfrentando una dif\u00edcil batalla&hellip; <\/p>\n","protected":false},"author":1,"featured_media":0,"comment_status":"closed","ping_status":"closed","sticky":false,"template":"","format":"standard","meta":{"fifu_image_url":"","fifu_image_alt":"","footnotes":""},"categories":[17],"tags":[],"class_list":["post-7468","post","type-post","status-publish","format-standard","hentry","category-politica"],"_links":{"self":[{"href":"https:\/\/elmundodelapolitica.com\/v1\/wp-json\/wp\/v2\/posts\/7468","targetHints":{"allow":["GET"]}}],"collection":[{"href":"https:\/\/elmundodelapolitica.com\/v1\/wp-json\/wp\/v2\/posts"}],"about":[{"href":"https:\/\/elmundodelapolitica.com\/v1\/wp-json\/wp\/v2\/types\/post"}],"author":[{"embeddable":true,"href":"https:\/\/elmundodelapolitica.com\/v1\/wp-json\/wp\/v2\/users\/1"}],"replies":[{"embeddable":true,"href":"https:\/\/elmundodelapolitica.com\/v1\/wp-json\/wp\/v2\/comments?post=7468"}],"version-history":[{"count":0,"href":"https:\/\/elmundodelapolitica.com\/v1\/wp-json\/wp\/v2\/posts\/7468\/revisions"}],"wp:attachment":[{"href":"https:\/\/elmundodelapolitica.com\/v1\/wp-json\/wp\/v2\/media?parent=7468"}],"wp:term":[{"taxonomy":"category","embeddable":true,"href":"https:\/\/elmundodelapolitica.com\/v1\/wp-json\/wp\/v2\/categories?post=7468"},{"taxonomy":"post_tag","embeddable":true,"href":"https:\/\/elmundodelapolitica.com\/v1\/wp-json\/wp\/v2\/tags?post=7468"}],"curies":[{"name":"wp","href":"https:\/\/api.w.org\/{rel}","templated":true}]}}